{"id":10420,"date":"2019-12-01T00:03:56","date_gmt":"2019-11-30T20:03:56","guid":{"rendered":"http:\/\/reveiletreforme.adventiste.re\/?p=10420"},"modified":"2019-11-24T20:34:06","modified_gmt":"2019-11-24T16:34:06","slug":"vigile-matinale-13-decembre-4","status":"publish","type":"post","link":"http:\/\/reveiletreforme.adventiste.re\/?p=10420","title":{"rendered":"Vigile matinale 1er d\u00e9cembre"},"content":{"rendered":"<p style=\"text-align: center;\"><strong>Journ\u00e9e Comm\u00e9morative de la S\u00e9ropositivit\u00e9 et du Sida<\/strong><\/p>\n<p style=\"text-align: center;\"><strong>\u00ab\u00a0Que le Seigneur, source de paix, vous accorde lui-m\u00eame la paix en tout et de toute mani\u00e8re. Que le Seigneur soit avec vous tous.\u00a0\u00bb <em>2 Thessaloniciens 3:16<\/em><\/strong><\/p>\n<p>&nbsp;<\/p>\n<p>Du fait que la s\u00e9ropositivit\u00e9 et le SIDA sont un fl\u00e9au \u00e0 l&rsquo;\u00e9chelle mondiale et ont affect\u00e9 tant de personnes, l&rsquo;Organisation Mondiale de la Sant\u00e9 a mis \u00e0 part le 1er d\u00e9cembre de chaque ann\u00e9e comme journ\u00e9e mondiale de comm\u00e9moration. <!--more-->Ce jour-l\u00e0, nous r\u00e9fl\u00e9chissons aux progr\u00e8s r\u00e9alis\u00e9s par la race humaine dans la lutte contre ce fl\u00e9au. C&rsquo;est une v\u00e9ritable guerre, car elle a fait de nombreuses victimes. Il nous faut aussi rompre le silence d\u00e9cembre de chaque ann\u00e9e comme journ\u00e9e et faire face \u00e0 la r\u00e9alit\u00e9 que nous sommes tous soit affect\u00e9s, soit infect\u00e9s. Dans notre r\u00e9gion, l&rsquo;une des plus touch\u00e9es, presque tous les habitants ont perdu, comme cons\u00e9quence de cette maladie, un ami, un coll\u00e8gue de travail, un membre de leur famille ou quelque autre personne de leurs connaissances. En ce jour, nous faisons donc une pause pour r\u00e9\ufb02\u00e9chir comment chacun de nous peut, sur le plan personnel, aller de l&rsquo;avant dans ce domaine.<\/p>\n<p>Aller de l&rsquo;avant peut signifier mieux suivre votre traitement si vous \u00eates infect\u00e9 et d\u00e9j\u00e0 sous traitement. Cela peut signifier accepter une personne que vous savez \u00eatre s\u00e9ropositive, et que vous aviez \u00e9vit\u00e9e jusqu&rsquo;\u00e0 maintenant. Cela peut signifier prendre des mesures actives pour pr\u00e9venir l&rsquo;infection, comme changer de comportement si c&rsquo;est un comportement \u00e0 haut risque. Cela peut signifier subir enfin le test que vous aviez \u00e9vit\u00e9 jusqu&rsquo;\u00e0 maintenant. Ou bien cela peut simplement signifier avoir une conversation avec vos enfants sur les r\u00e9alit\u00e9s de la s\u00e9ropositivit\u00e9.<br \/>\nN&rsquo;importe laquelle de ces activit\u00e9s est recommandable pour cette journ\u00e9e.<\/p>\n<p>Voici une histoire typique de l&rsquo;\u00e9poque dans laquelle nous vivons:<br \/>\n<em>\u00ab\u00a0Mon nom est Tumelo. J&rsquo;ai 15 ans. je suis n\u00e9e s\u00e9ropositive. J&rsquo;ai d\u00e9couvert que j&rsquo;\u00e9tais s\u00e9ropositive vers l&rsquo;\u00e2ge de sept ans, je devais toujours prendre des m\u00e9dicaments, mais sans savoir pourquoi. Ma\u00a0 m\u00e8re me r\u00e9p\u00e9tait constamment de ne laisser personne toucher mon sang, mais je n &lsquo;avais aucune id\u00e9e de quoi elle parlait.<\/em><br \/>\n<em> Mais aujourd&rsquo;hui, je suis pleinement consciente de mon \u00e9tat. Honn\u00eatement, \u00e7a ne me d\u00e9range pas trop, je vais \u00e0 des soir\u00e9es et je fais ce que n\u2019importe quelle autre adolescente.<\/em><br \/>\n<em> Je ne parle pas encore de mon \u00e9tat \u00e0 mes amis. \u00c0 mon \u00e9cole, personne ne le sait, car il y a trop de risques que quelqu&rsquo;un aille le r\u00e9p\u00e9ter \u00e0 d&rsquo;autres. Autrement, je ne laisse pas ma s\u00e9ropositivit\u00e9 m&rsquo;affecter en quoi que ce soit, je vis la vie d&rsquo;une adolescente normale. J&rsquo;ai de nombreux amis et je m&rsquo;amuse beaucoup. La s\u00e9ropositivit\u00e9 n&rsquo;est pas forc\u00e9e de limiter votre vie, je ne la laisse pas le faire pour la mienne\u00a0\u00bb<\/em><\/p>\n<blockquote><p>P\u00e9pite de sant\u00e9 :<br \/>\n\u00ab\u00a0Le SIDA est produit par la s\u00e9ropositivit\u00e9.<br \/>\nC&rsquo;est une infection r\u00e9elle, qui doit \u00eatre trait\u00e9e par les m\u00e9dicaments appropri\u00e9s.<br \/>\nL&rsquo;optimisme aide \u00e0 am\u00e9liorer l&rsquo;immunit\u00e9 contre l&rsquo;infection.\u00a0\u00bb<\/p><\/blockquote>\n","protected":false},"excerpt":{"rendered":"<p>Journ\u00e9e Comm\u00e9morative de la S\u00e9ropositivit\u00e9 et du Sida \u00ab\u00a0Que le Seigneur, source de paix, vous accorde lui-m\u00eame la paix en tout et de toute mani\u00e8re. Que le Seigneur soit avec vous tous.\u00a0\u00bb 2 Thessaloniciens 3:16 &nbsp; Du fait que la s\u00e9ropositivit\u00e9 et le SIDA sont un fl\u00e9au \u00e0 l&rsquo;\u00e9chelle mondiale et ont affect\u00e9 tant de [&hellip;]<\/p>\n","protected":false},"author":4,"featured_media":0,"comment_status":"open","ping_status":"open","sticky":false,"template":"","format":"standard","meta":{"_exactmetrics_skip_tracking":false,"_exactmetrics_sitenote_active":false,"_exactmetrics_sitenote_note":"","_exactmetrics_sitenote_category":0,"footnotes":""},"categories":[15],"tags":[],"_links":{"self":[{"href":"http:\/\/reveiletreforme.adventiste.re\/index.php?rest_route=\/wp\/v2\/posts\/10420"}],"collection":[{"href":"http:\/\/reveiletreforme.adventiste.re\/index.php?rest_route=\/wp\/v2\/posts"}],"about":[{"href":"http:\/\/reveiletreforme.adventiste.re\/index.php?rest_route=\/wp\/v2\/types\/post"}],"author":[{"embeddable":true,"href":"http:\/\/reveiletreforme.adventiste.re\/index.php?rest_route=\/wp\/v2\/users\/4"}],"replies":[{"embeddable":true,"href":"http:\/\/reveiletreforme.adventiste.re\/index.php?rest_route=%2Fwp%2Fv2%2Fcomments&post=10420"}],"version-history":[{"count":4,"href":"http:\/\/reveiletreforme.adventiste.re\/index.php?rest_route=\/wp\/v2\/posts\/10420\/revisions"}],"predecessor-version":[{"id":10431,"href":"http:\/\/reveiletreforme.adventiste.re\/index.php?rest_route=\/wp\/v2\/posts\/10420\/revisions\/10431"}],"wp:attachment":[{"href":"http:\/\/reveiletreforme.adventiste.re\/index.php?rest_route=%2Fwp%2Fv2%2Fmedia&parent=10420"}],"wp:term":[{"taxonomy":"category","embeddable":true,"href":"http:\/\/reveiletreforme.adventiste.re\/index.php?rest_route=%2Fwp%2Fv2%2Fcategories&post=10420"},{"taxonomy":"post_tag","embeddable":true,"href":"http:\/\/reveiletreforme.adventiste.re\/index.php?rest_route=%2Fwp%2Fv2%2Ftags&post=10420"}],"curies":[{"name":"wp","href":"https:\/\/api.w.org\/{rel}","templated":true}]}}