{"id":10496,"date":"2019-12-18T00:05:42","date_gmt":"2019-12-17T20:05:42","guid":{"rendered":"http:\/\/reveiletreforme.adventiste.re\/?p=10496"},"modified":"2019-11-30T20:16:27","modified_gmt":"2019-11-30T16:16:27","slug":"vigile-matinale-18-decembre-4","status":"publish","type":"post","link":"http:\/\/reveiletreforme.adventiste.re\/?p=10496","title":{"rendered":"Vigile matinale 18 d\u00e9cembre"},"content":{"rendered":"<p style=\"text-align: center;\"><strong>La Joie du Service<\/strong><\/p>\n<p style=\"text-align: center;\"><strong>\u00ab\u00a0Bien-aim\u00e9s, si Dieu nous a aim\u00e9s, nous devons aussi nous aimer les uns les autres.\u00a0\u00bb <em>1 Jean 4:11<\/em><\/strong><\/p>\n<p>Oh, quelle joie, de pouvoir faire une diff\u00e9rence! Pendant de nombreuses ann\u00e9es \u00e0 l&rsquo;\u00e9glise, j&rsquo;ai seulement particip\u00e9 comme auditeur faisant parti du public. Maintenant, depuis mon implication dans le travail de minist\u00e8re d la sant\u00e9 de notre \u00e9glise, je m&rsquo;amuse, j&rsquo;acquiers de l&rsquo;exp\u00e9rience, j&rsquo;ai la chance de partager ma foi et aussi de me sentir pleinement b\u00e9ni. Ces activit\u00e9s ont donn\u00e9es du sens \u00e0 ma vie et de la pertinence \u00e0 mon action dans l&rsquo;\u00e9glise.<!--more--><\/p>\n<p>Un des plus beaux moments pour moi c&rsquo;est d\u00e9roul\u00e9 lors des activit\u00e9 qui ont eu lieu dans le Centre culturel de Cacuaco. C&rsquo;\u00e9tait le vendredi 13 d\u00e9cembre lors d&rsquo;un rassemblement d&rsquo;\u00e9glises dans cette municipalit\u00e9. Des professionnels de sant\u00e9 avaient pr\u00e9vu d&rsquo;offrir des services au grand public. Vendredi, il y a eu des conf\u00e9rences sur la sant\u00e9 et le bien-\u00eatre des familles et de la communaut\u00e9. Le public a pu poser des questions relatives a leur sant\u00e9 en faisant aussi des suggestions. C&rsquo;\u00e9tait un tr\u00e8s beau moment interactif.<\/p>\n<p>Le jour du Sabbat, le public est venu en nombre de nouveau. Nous avons commenc\u00e9 par le programme de l\u2019\u00e9cole du Sabbat et en raison des conf\u00e9rences sur la sant\u00e9 men\u00e9es la veille, beaucoup plus de personnes dont plusieurs non-adventistes ont pu y assister et entendre le message de sant\u00e9 et la parole de Dieu.<\/p>\n<p>Enfin, \u00e0 la \ufb01n du programme, nous avons distribu\u00e9 des chemises avec le th\u00e8me &lsquo;VIH&rsquo;. De nombreux non- adventistes se sont li\u00e9s d&rsquo;amiti\u00e9 avec les adventistes. Cela a permis d&rsquo;ouvrir des c\u0153urs et des portes par des visites et des \u00e9tudes bibliques par des Adventistes. Beaucoup de non-adventistes ont exprim\u00e9 leur appr\u00e9ciation pour ces activit\u00e9s et nous ont incit\u00e9s \u00e0 revenir plus souvent pour en refaire d\u00a0\u00bbautres. Douze personnes ont consacr\u00e9 leur vie au Seigneur et ont \u00e9t\u00e9 baptis\u00e9es gr\u00e2ce \u00e0 cette initiative et au suivi dans les visites.<\/p>\n<blockquote><p>P\u00e9pite de sant\u00e9 :<br \/>\n\u00ab\u00a0Dieu aurait pu atteindre son but, celui de sauver les p\u00eacheurs sans notre aide ; mais afin que nous d\u00e9veloppions un caract\u00e8re comme le<br \/>\nChrist, nous devons participer \u00e0 Son travail. Afin d&rsquo;entrer dans sa joie &#8211; celle de voir des \u00e2mes rachet\u00e9es par son sacrifice &#8211; nous devons participer \u00e0 ses travaux pour leur r\u00e9demption. \u00ab\u00a0(Ellen White, J\u00e9sus-Christ, p. 142)<\/p><\/blockquote>\n","protected":false},"excerpt":{"rendered":"<p>La Joie du Service \u00ab\u00a0Bien-aim\u00e9s, si Dieu nous a aim\u00e9s, nous devons aussi nous aimer les uns les autres.\u00a0\u00bb 1 Jean 4:11 Oh, quelle joie, de pouvoir faire une diff\u00e9rence! Pendant de nombreuses ann\u00e9es \u00e0 l&rsquo;\u00e9glise, j&rsquo;ai seulement particip\u00e9 comme auditeur faisant parti du public. Maintenant, depuis mon implication dans le travail de minist\u00e8re d [&hellip;]<\/p>\n","protected":false},"author":4,"featured_media":0,"comment_status":"open","ping_status":"open","sticky":false,"template":"","format":"standard","meta":{"_exactmetrics_skip_tracking":false,"_exactmetrics_sitenote_active":false,"_exactmetrics_sitenote_note":"","_exactmetrics_sitenote_category":0,"footnotes":""},"categories":[15],"tags":[],"_links":{"self":[{"href":"http:\/\/reveiletreforme.adventiste.re\/index.php?rest_route=\/wp\/v2\/posts\/10496"}],"collection":[{"href":"http:\/\/reveiletreforme.adventiste.re\/index.php?rest_route=\/wp\/v2\/posts"}],"about":[{"href":"http:\/\/reveiletreforme.adventiste.re\/index.php?rest_route=\/wp\/v2\/types\/post"}],"author":[{"embeddable":true,"href":"http:\/\/reveiletreforme.adventiste.re\/index.php?rest_route=\/wp\/v2\/users\/4"}],"replies":[{"embeddable":true,"href":"http:\/\/reveiletreforme.adventiste.re\/index.php?rest_route=%2Fwp%2Fv2%2Fcomments&post=10496"}],"version-history":[{"count":3,"href":"http:\/\/reveiletreforme.adventiste.re\/index.php?rest_route=\/wp\/v2\/posts\/10496\/revisions"}],"predecessor-version":[{"id":10498,"href":"http:\/\/reveiletreforme.adventiste.re\/index.php?rest_route=\/wp\/v2\/posts\/10496\/revisions\/10498"}],"wp:attachment":[{"href":"http:\/\/reveiletreforme.adventiste.re\/index.php?rest_route=%2Fwp%2Fv2%2Fmedia&parent=10496"}],"wp:term":[{"taxonomy":"category","embeddable":true,"href":"http:\/\/reveiletreforme.adventiste.re\/index.php?rest_route=%2Fwp%2Fv2%2Fcategories&post=10496"},{"taxonomy":"post_tag","embeddable":true,"href":"http:\/\/reveiletreforme.adventiste.re\/index.php?rest_route=%2Fwp%2Fv2%2Ftags&post=10496"}],"curies":[{"name":"wp","href":"https:\/\/api.w.org\/{rel}","templated":true}]}}