{"id":10533,"date":"2019-12-10T00:02:00","date_gmt":"2019-12-09T20:02:00","guid":{"rendered":"http:\/\/reveiletreforme.adventiste.re\/?p=10533"},"modified":"2019-12-09T22:14:20","modified_gmt":"2019-12-09T18:14:20","slug":"vigile-matinale-10-decembre-4","status":"publish","type":"post","link":"http:\/\/reveiletreforme.adventiste.re\/?p=10533","title":{"rendered":"Vigile matinale 10 d\u00e9cembre"},"content":{"rendered":"<p style=\"text-align: center;\"><strong>\u00catre Connu<\/strong><\/p>\n<p style=\"text-align: center;\"><strong>\u00ab\u00a0Seigneur, tu regardes jusqu&rsquo;au fond de mon c\u0153ur, et tu sais tout de moi.\u00a0\u00bb <em>Psaume l39:1<\/em><\/strong><\/p>\n<p>La question la plus importante est: Les gens nous voient-ils tels que nous sommes vraiment? Souvent, seul le Christ peut vraiment nous voir et nous connaitre. David le confirme dans le Psaume 139:1, dans lequel il dit: <em>\u00ab\u00a0Seigneur, tu regardes jusqu&rsquo;au fond de <\/em><em>mon c\u0153ur, et tu sais tout de moi.\u00a0\u00bb<\/em><\/p>\n<p>Lorsque j&rsquo;arrivai \u00e0 l&rsquo;\u00c9cole d&rsquo;infirmi\u00e8res de Maluti, c&rsquo;\u00e9tait la premi\u00e8re fois de ma vie, depuis que je m&rsquo;\u00e9tais jointe \u00e0 l&rsquo;\u00c9glise adventiste du septi\u00e8me jour, que j&rsquo;allais \u00e9tudier dans une institution adventiste. Ceci produisait en moi des \u00e9motions mitig\u00e9es: j&rsquo;\u00e9tais curieuse de savoir ce que j&rsquo;allais y trouver excit\u00e9e \u00e0 l&rsquo;id\u00e9e d&rsquo;\u00e9tudier dans une \u00e9cole o\u00f9 je pourrais exercer librement ma foi, mais, en m\u00eame temps, effray\u00e9e de ce qu&rsquo;on allait attendre de moi.<\/p>\n<p>En vivant un jour \u00e0 la fois dans cette institution, j&rsquo;appris que j&rsquo;avais une \u00e9norme responsabilit\u00e9, comme tous les adventistes qui vivaient sur ce campus: \u00eatre au service de toute \u00e2me qui avait besoin du Seigneur et que nous rencontrions dans ce lieu de service. Il est vrai que nous conn\u00fbmes des moments de conflits et de d\u00e9sordre pendant mon s\u00e9jour dans cette \u00e9cole; mais, d&rsquo;une mani\u00e8re ou d&rsquo;une autre, la gloire de Dieu planait encore au-dessus de tout cela.<\/p>\n<p>Un bon nombre d&rsquo;\u00e9l\u00e8ves admises dans notre \u00e9cole arrivaient \u00e9tant non-adventistes, mais en repartaient adventistes. Aujourd&rsquo;hui, celles-ci font flotter bien haut la banni\u00e8re de j\u00e9sus!<\/p>\n<p>Le christianisme adventiste n&rsquo;est pas seulement une question de profession de foi; il doit aussi \u00eatre mis en pratique et \u00eatre \u00e9vident dans nos relations avec nos semblables<\/p>\n<p><em>\u00ab\u00a0Il est dans les desseins de Dieu que tous ceux qui se disent chr\u00e9tiens perfectionnent leur caract\u00e8re d&rsquo;apr\u00e8s le divin mod\u00e8le. En \u00e9tudiant le caract\u00e8re du Christ tel qu&rsquo;il est r\u00e9v\u00e9l\u00e9 dans la Bible, en s&rsquo;exer\u00e7ant \u00e0 pratiquer ses qualit\u00e9s, le croyant se transformera \u00e0 limage de sa bont\u00e9 et de sa mis\u00e9ricorde\u00a0\u00bb<\/em> (Ellen G. White, Conseils aux \u00e9ducateurs, aux parents et aux \u00e9tudiants, p. 199).<\/p>\n<blockquote><p>P\u00e9pite de sant\u00e9 :<br \/>\n\u00ab\u00a0L&rsquo;int\u00e9grit\u00e9, c&rsquo;est pratiquer de mani\u00e8re cons\u00e9quente ce qu&rsquo;on enseigne et ce qu&rsquo;on repr\u00e9sente.\u00a0\u00bb<\/p><\/blockquote>\n","protected":false},"excerpt":{"rendered":"<p>\u00catre Connu \u00ab\u00a0Seigneur, tu regardes jusqu&rsquo;au fond de mon c\u0153ur, et tu sais tout de moi.\u00a0\u00bb Psaume l39:1 La question la plus importante est: Les gens nous voient-ils tels que nous sommes vraiment? Souvent, seul le Christ peut vraiment nous voir et nous connaitre. David le confirme dans le Psaume 139:1, dans lequel il dit: [&hellip;]<\/p>\n","protected":false},"author":4,"featured_media":0,"comment_status":"open","ping_status":"open","sticky":false,"template":"","format":"standard","meta":{"_exactmetrics_skip_tracking":false,"_exactmetrics_sitenote_active":false,"_exactmetrics_sitenote_note":"","_exactmetrics_sitenote_category":0,"footnotes":""},"categories":[15],"tags":[],"_links":{"self":[{"href":"http:\/\/reveiletreforme.adventiste.re\/index.php?rest_route=\/wp\/v2\/posts\/10533"}],"collection":[{"href":"http:\/\/reveiletreforme.adventiste.re\/index.php?rest_route=\/wp\/v2\/posts"}],"about":[{"href":"http:\/\/reveiletreforme.adventiste.re\/index.php?rest_route=\/wp\/v2\/types\/post"}],"author":[{"embeddable":true,"href":"http:\/\/reveiletreforme.adventiste.re\/index.php?rest_route=\/wp\/v2\/users\/4"}],"replies":[{"embeddable":true,"href":"http:\/\/reveiletreforme.adventiste.re\/index.php?rest_route=%2Fwp%2Fv2%2Fcomments&post=10533"}],"version-history":[{"count":1,"href":"http:\/\/reveiletreforme.adventiste.re\/index.php?rest_route=\/wp\/v2\/posts\/10533\/revisions"}],"predecessor-version":[{"id":10534,"href":"http:\/\/reveiletreforme.adventiste.re\/index.php?rest_route=\/wp\/v2\/posts\/10533\/revisions\/10534"}],"wp:attachment":[{"href":"http:\/\/reveiletreforme.adventiste.re\/index.php?rest_route=%2Fwp%2Fv2%2Fmedia&parent=10533"}],"wp:term":[{"taxonomy":"category","embeddable":true,"href":"http:\/\/reveiletreforme.adventiste.re\/index.php?rest_route=%2Fwp%2Fv2%2Fcategories&post=10533"},{"taxonomy":"post_tag","embeddable":true,"href":"http:\/\/reveiletreforme.adventiste.re\/index.php?rest_route=%2Fwp%2Fv2%2Ftags&post=10533"}],"curies":[{"name":"wp","href":"https:\/\/api.w.org\/{rel}","templated":true}]}}