{"id":10537,"date":"2019-12-11T00:12:00","date_gmt":"2019-12-10T20:12:00","guid":{"rendered":"http:\/\/reveiletreforme.adventiste.re\/?p=10537"},"modified":"2019-12-10T22:28:16","modified_gmt":"2019-12-10T18:28:16","slug":"vigile-matinale-11-decembre-4","status":"publish","type":"post","link":"http:\/\/reveiletreforme.adventiste.re\/?p=10537","title":{"rendered":"Vigile matinale 11 d\u00e9cembre"},"content":{"rendered":"<p style=\"text-align: center;\"><strong>C&rsquo;est Nous Qui Sommes Ses Mains, Partie1<\/strong><\/p>\n<p style=\"text-align: center;\"><strong>\u00ab\u00a0Et la paix de Dieu, qui d\u00e9passe tout ce que l&rsquo;on peut imaginer, gardera vos c\u0153ur et vos pens\u00e9es en communion avec J\u00e9sus-Christ.\u00a0\u00bb <em>Philippiens 4:7<\/em><\/strong><\/p>\n<p>Un diagnostic ayant r\u00e9v\u00e9l\u00e9 que j\u2019\u00e9tais atteinte du cancer, je ne peux pas imaginer quelles auraient \u00e9t\u00e9 mes luttes sans\u00a0le soutien de mes amis et de ma famille: une amie intime, qui vint imm\u00e9diatement quand je lui fis part de mon diagnostic; ma voisine de l&rsquo;Universit\u00e9, qui pria pour moi et avec moi; ma m\u00e8re, ma famille, mes amis et mes voisins, qui me tendirent les bras. Toutes ces personnes furent pour moi comme J\u00e9sus qui m&rsquo;amenait \u00e0 Dieu par la pri\u00e8re; elles furent ses mains pendant mon voyage de gu\u00e9rison et de croissance.<!--more--><\/p>\n<p>Lorsque les premiers sympt\u00f4mes commenc\u00e8rent \u00e0 me submerger, ignorant encore que j&rsquo;avais le cancer, je pus appeler un voisin, lui demandant de prier avec moi quand j&rsquo;avais peur. C&rsquo;est \u00e9tonnant d&rsquo;exp\u00e9rimenter la gu\u00e9rison spirituelle avant m\u00eame de savoir que quelque chose n&rsquo;allait pas sur le plan physique! Ce furent ses pri\u00e8res et la r\u00e9ponse de Dieu par sa pr\u00e9sence qui amor\u00e7a ma gu\u00e9rison spirituelle.<\/p>\n<p>Que signifie &lsquo;gu\u00e9rison spirituelle&rsquo;? Au d\u00e9but de ma maladie, avant que je sache de quoi j&rsquo;\u00e9tais malade, je me sentais physiquement submerg\u00e9e et incapable de me concentrer. Sur le plan social, je me repliais aussi sur moi-m\u00eame (y compris en cessant d&rsquo;aller \u00e0 l&rsquo;\u00e9glise), surtout \u00e0 cause de ma souffrance, que je ne pouvais pas contr\u00f4ler. Je ressentais une grave s\u00e9paration d&rsquo;avec Dieu, et je n&rsquo;avais aucune id\u00e9e de la mani\u00e8re de restaurer ma relation avec lui, je n&rsquo;\u00e9tais pas en col\u00e8re, mais seulement incapable d&rsquo;exprimer ou de savoir ce qui m&rsquo;arrivait, et je pensais que je me rebellais contre Dieu simplement parce que je ne pouvais pas me persuader d&rsquo;aller \u00e0 l&rsquo;\u00e9glise. J&rsquo;essayais de chanter des cantiques bibliques, et luttais m\u00eame avec l&rsquo;un de ces cantiques\/versets. Totalement d\u00e9sesp\u00e9r\u00e9e, j&rsquo;allai voir mon voisin, qui, je le savais, \u00e9tait chr\u00e9tien, pour lui demander de prier pour moi. Ses pri\u00e8res et son soutien m&rsquo;ont accompagn\u00e9e depuis ce moment.<\/p>\n<p>Nous avons tous \u00e9t\u00e9 surpris de la paix que j&rsquo;exp\u00e9rimentais tout au long de mon voyage; mais souvenez-vous que Dieu a promis une paix <em>\u00ab\u00a0qui d\u00e9passe tout ce que l&rsquo;on peut imaginer\u00a0\u00bb<\/em>. Ceci a \u00e9t\u00e9 rendu possible gr\u00e2ce \u00e0 mon ami, qui a r\u00e9clame&rsquo; pour moi l&rsquo;accomplissement de la promesse de Dieu.<\/p>\n<blockquote><p>P\u00e9pite de sant\u00e9 :<br \/>\n\u00ab\u00a0Le soutient signifie que nous portons \u00e0 Dieu par la pri\u00e8re ceux qui sont dans le besoin ou la souffrance.\u00a0\u00bb<\/p><\/blockquote>\n<p style=\"text-align: right;\">(\u00e0 suivre)<\/p>\n","protected":false},"excerpt":{"rendered":"<p>C&rsquo;est Nous Qui Sommes Ses Mains, Partie1 \u00ab\u00a0Et la paix de Dieu, qui d\u00e9passe tout ce que l&rsquo;on peut imaginer, gardera vos c\u0153ur et vos pens\u00e9es en communion avec J\u00e9sus-Christ.\u00a0\u00bb Philippiens 4:7 Un diagnostic ayant r\u00e9v\u00e9l\u00e9 que j\u2019\u00e9tais atteinte du cancer, je ne peux pas imaginer quelles auraient \u00e9t\u00e9 mes luttes sans\u00a0le soutien de mes [&hellip;]<\/p>\n","protected":false},"author":4,"featured_media":0,"comment_status":"open","ping_status":"open","sticky":false,"template":"","format":"standard","meta":{"_exactmetrics_skip_tracking":false,"_exactmetrics_sitenote_active":false,"_exactmetrics_sitenote_note":"","_exactmetrics_sitenote_category":0,"footnotes":""},"categories":[15],"tags":[],"_links":{"self":[{"href":"http:\/\/reveiletreforme.adventiste.re\/index.php?rest_route=\/wp\/v2\/posts\/10537"}],"collection":[{"href":"http:\/\/reveiletreforme.adventiste.re\/index.php?rest_route=\/wp\/v2\/posts"}],"about":[{"href":"http:\/\/reveiletreforme.adventiste.re\/index.php?rest_route=\/wp\/v2\/types\/post"}],"author":[{"embeddable":true,"href":"http:\/\/reveiletreforme.adventiste.re\/index.php?rest_route=\/wp\/v2\/users\/4"}],"replies":[{"embeddable":true,"href":"http:\/\/reveiletreforme.adventiste.re\/index.php?rest_route=%2Fwp%2Fv2%2Fcomments&post=10537"}],"version-history":[{"count":1,"href":"http:\/\/reveiletreforme.adventiste.re\/index.php?rest_route=\/wp\/v2\/posts\/10537\/revisions"}],"predecessor-version":[{"id":10538,"href":"http:\/\/reveiletreforme.adventiste.re\/index.php?rest_route=\/wp\/v2\/posts\/10537\/revisions\/10538"}],"wp:attachment":[{"href":"http:\/\/reveiletreforme.adventiste.re\/index.php?rest_route=%2Fwp%2Fv2%2Fmedia&parent=10537"}],"wp:term":[{"taxonomy":"category","embeddable":true,"href":"http:\/\/reveiletreforme.adventiste.re\/index.php?rest_route=%2Fwp%2Fv2%2Fcategories&post=10537"},{"taxonomy":"post_tag","embeddable":true,"href":"http:\/\/reveiletreforme.adventiste.re\/index.php?rest_route=%2Fwp%2Fv2%2Ftags&post=10537"}],"curies":[{"name":"wp","href":"https:\/\/api.w.org\/{rel}","templated":true}]}}