{"id":10541,"date":"2019-12-13T00:03:00","date_gmt":"2019-12-12T20:03:00","guid":{"rendered":"http:\/\/reveiletreforme.adventiste.re\/?p=10541"},"modified":"2019-12-12T23:47:38","modified_gmt":"2019-12-12T19:47:38","slug":"vigile-matinale-13-decembre-5","status":"publish","type":"post","link":"http:\/\/reveiletreforme.adventiste.re\/?p=10541","title":{"rendered":"Vigile matinale 13 d\u00e9cembre"},"content":{"rendered":"<p style=\"text-align: center;\"><strong>C&rsquo;est Nous Qui Sommes Ses Mains, partie 3<\/strong><\/p>\n<p style=\"text-align: center;\"><strong>\u00ab\u00a0<span class=\"verse v14\" data-usfm=\"JAS.5.14\"><span class=\"content\">L&rsquo;un de vous est-il malade? Qu&rsquo;il appelle les <\/span><span class=\"w\"><span class=\"content\">anciens<\/span><\/span><span class=\"content\"> de l&rsquo;\u00c9glise; ceux-ci prieront pour lui et verseront quelques gouttes d&rsquo;huile sur sa t\u00eate au nom du Seigneur<\/span><\/span>\u00a0\u00bb <em>Jacques 5:14 (BFC)<\/em><\/strong><\/p>\n<p>Une autre mani\u00e8re tr\u00e8s importante de montrer leur soutien fut lorsque mon pasteur et ma famille spirituelle organis\u00e8rent un service d&rsquo;onction des malades. Pour moi, la partie la plus importante fut probablement la pr\u00e9paration. Je priai en confessant des relations bris\u00e9es avec mes amis ou ma famille, et m&rsquo;assurai que celles\u00abci \u00e9taient r\u00e9par\u00e9es.<!--more-->Dieu m&rsquo;aida \u00e0 pardonner \u00e0 une personne qui m`avait caus\u00e9 du tort auparavant, et m&rsquo;aida \u00e0 trouver la paix avec la perspective de la mort.<\/p>\n<p>Le jour du service d&rsquo;onction des malades fut un jour sp\u00e9cial, parce que chacun avait fait l&rsquo;effort d&rsquo;\u00eatre pr\u00e9sent et pria intens\u00e9ment avec moi. Ils firent l&rsquo;effort de comprendre mon \u00e9tat physique, et nous d\u00e9cid\u00e2mes ensemble du sujet pour lequel nous allions prier. Nous savions que, m\u00eame si Dieu n&rsquo;accorde pas une gu\u00e9rison physique compl\u00e8te, il ne manquerait pas d&rsquo;accorder la gu\u00e9rison spirituelle. C\u2019\u00e9tait \u00e9tonnant d&rsquo;exp\u00e9rimenter la pr\u00e9sence de Dieu parmi nous. Non, je ne ressentis aucune diff\u00e9rence imm\u00e9diate dans la mani\u00e8re dont je me sentais; en fait, je me sentais tr\u00e8s faible; mais, au cours de la pri\u00e8re, je me sentis comme ointe pour travailler pour Dieu d&rsquo;une mani\u00e8re diff\u00e9rente.<\/p>\n<p>Ce fut une magnifique exp\u00e9rience de me rendre compte que Dieu peut m&rsquo;utiliser bien que je sois bris\u00e9e, aussi bien physiquement qu\u2019\u00e9motionnellement. Nous ne savons jamais ce que l&rsquo;avenir nous r\u00e9serve; mais, tant que nous avons Dieu avec nous, personnellement et lorsqu&rsquo;il utilise une autre personne comme instrument pour nous aider \u00e0 exp\u00e9rimenter sa pr\u00e9sence, peu importe ce \u00e0 quoi nous devons faire face, tout ira bien.<\/p>\n<p>Je trouve un grand r\u00e9confort dans la pens\u00e9e suivante de J\u00e9r\u00e9mie 31:3: <em>\u00ab\u00a0De loin le Seigneur est venu se montrer a moi. Et je lui ai dit \u00e0 mon tour: &lsquo;Je t&rsquo;aime depuis toujours, c&rsquo;est pourquoi je te reste profond\u00e9ment attache. D&rsquo;autres versions bibliques traduisent: \u00a0\u00bb <\/em>De loin l&rsquo;\u00c9ternel se montre \u00e0 moi: je t&rsquo;aime d&rsquo;un amour \u00e9ternel; c&rsquo;est pourquoi je te conserve ma bont\u00e9. J&rsquo;ai eu le privil\u00e8ge, au moment de mon onction, d&rsquo;avoir senti et exp\u00e9riment\u00e9 d&rsquo;une mani\u00e8re sp\u00e9ciale cet amour \u00e9ternel et cette bont\u00e9 sans faille.<\/p>\n<blockquote><p>P\u00e9pite de sant\u00e9 :<br \/>\n\u00ab\u00a0Si celui qui demande la gu\u00e9rison s&rsquo;est rendu coupable de m\u00e9disance, s&rsquo;il a sem\u00e9 la discorde dans sa famille, dans son voisinage ou dans l&rsquo;\u00e9glise, [&#8230;] il faut qu&rsquo;il s&rsquo;en confesse devant Dieu et devant ceux qui ont \u00e9t\u00e9 offens\u00e9s. [&#8230;] Les torts une fois r\u00e9par\u00e9s, on peut pr\u00e9senter au Seigneur, avec une foi sereine, les besoins du malade\u00a0\u00bb (Ellen G. White, Le Minist\u00e8re de la Gu\u00e9rison, p. 196).<\/p><\/blockquote>\n","protected":false},"excerpt":{"rendered":"<p>C&rsquo;est Nous Qui Sommes Ses Mains, partie 3 \u00ab\u00a0L&rsquo;un de vous est-il malade? Qu&rsquo;il appelle les anciens de l&rsquo;\u00c9glise; ceux-ci prieront pour lui et verseront quelques gouttes d&rsquo;huile sur sa t\u00eate au nom du Seigneur\u00a0\u00bb Jacques 5:14 (BFC) Une autre mani\u00e8re tr\u00e8s importante de montrer leur soutien fut lorsque mon pasteur et ma famille spirituelle [&hellip;]<\/p>\n","protected":false},"author":4,"featured_media":0,"comment_status":"open","ping_status":"open","sticky":false,"template":"","format":"standard","meta":{"_exactmetrics_skip_tracking":false,"_exactmetrics_sitenote_active":false,"_exactmetrics_sitenote_note":"","_exactmetrics_sitenote_category":0,"footnotes":""},"categories":[15],"tags":[],"_links":{"self":[{"href":"http:\/\/reveiletreforme.adventiste.re\/index.php?rest_route=\/wp\/v2\/posts\/10541"}],"collection":[{"href":"http:\/\/reveiletreforme.adventiste.re\/index.php?rest_route=\/wp\/v2\/posts"}],"about":[{"href":"http:\/\/reveiletreforme.adventiste.re\/index.php?rest_route=\/wp\/v2\/types\/post"}],"author":[{"embeddable":true,"href":"http:\/\/reveiletreforme.adventiste.re\/index.php?rest_route=\/wp\/v2\/users\/4"}],"replies":[{"embeddable":true,"href":"http:\/\/reveiletreforme.adventiste.re\/index.php?rest_route=%2Fwp%2Fv2%2Fcomments&post=10541"}],"version-history":[{"count":1,"href":"http:\/\/reveiletreforme.adventiste.re\/index.php?rest_route=\/wp\/v2\/posts\/10541\/revisions"}],"predecessor-version":[{"id":10542,"href":"http:\/\/reveiletreforme.adventiste.re\/index.php?rest_route=\/wp\/v2\/posts\/10541\/revisions\/10542"}],"wp:attachment":[{"href":"http:\/\/reveiletreforme.adventiste.re\/index.php?rest_route=%2Fwp%2Fv2%2Fmedia&parent=10541"}],"wp:term":[{"taxonomy":"category","embeddable":true,"href":"http:\/\/reveiletreforme.adventiste.re\/index.php?rest_route=%2Fwp%2Fv2%2Fcategories&post=10541"},{"taxonomy":"post_tag","embeddable":true,"href":"http:\/\/reveiletreforme.adventiste.re\/index.php?rest_route=%2Fwp%2Fv2%2Ftags&post=10541"}],"curies":[{"name":"wp","href":"https:\/\/api.w.org\/{rel}","templated":true}]}}