{"id":10543,"date":"2019-12-14T00:15:35","date_gmt":"2019-12-13T20:15:35","guid":{"rendered":"http:\/\/reveiletreforme.adventiste.re\/?p=10543"},"modified":"2020-03-10T22:17:01","modified_gmt":"2020-03-10T18:17:01","slug":"vigile-matinale-14-decembre-5","status":"publish","type":"post","link":"http:\/\/reveiletreforme.adventiste.re\/?p=10543","title":{"rendered":"Vigile matinale 14 d\u00e9cembre"},"content":{"rendered":"<p style=\"text-align: center;\"><strong>Une Oreille qui \u00c9coute et une Langue qui Prononce des Paroles Douces<\/strong><\/p>\n<p style=\"text-align: center;\"><strong>\u00ab\u00a0<span class=\"verse v19\" data-usfm=\"JAS.1.19\"><span class=\"content\">Rappelez-vous bien ceci, mes chers fr\u00e8res: chacun doit \u00eatre prompt \u00e0 \u00e9couter, mais lent \u00e0 parler et lent \u00e0 se mettre en col\u00e8re<\/span><span class=\"content\">; <\/span><\/span><span class=\"verse v20\" data-usfm=\"JAS.1.20\"><span class=\"label\">20<\/span><span class=\"content\">car un homme en col\u00e8re n&rsquo;accomplit pas ce qui est juste aux yeux de Dieu.<\/span><\/span>\u00a0\u00bb <em>Jacques 1.19, 20<\/em><\/strong><\/p>\n<p>Dans son effort pour aider nos cliniques qui sont situ\u00e9es loin de notre h\u00f4pital, notre administration a con\u00e7u l&rsquo;id\u00e9e de tenir des r\u00e9unions mensuelles dans notre h\u00f4pital pour les directeurs de nos six centres de sant\u00e9. Au cours d&rsquo;une de ces r\u00e9unions, qui d\u00e9lib\u00e9rait sur les probl\u00e8mes qui emp\u00eachent les bonnes r\u00e9alisations, on d\u00e9couvrit qu&rsquo;une mauvaise communication constitue l&rsquo;un des obstacles dans notre travail.<!--more--><\/p>\n<p>\u00catre capable de bien \u00e9couter est un composant important de la communication. Le texte biblique d&rsquo;aujourd&rsquo;hui nous exhorte \u00e0 \u00eatre <em>\u201cprompts \u00e0 \u00e9couter, mais lents a parler et lents \u00e0 se mettre en col\u00e8re\u201d<\/em>. Il est triste d&rsquo;apprendre qu&rsquo;\u00e9couter est la partie la plus n\u00e9glig\u00e9e et la moins comprise de la communication. Il est donc important que les gens, particuli\u00e8rement sur leur lieu de travail, prennent le temps d&rsquo;apprendre cet art essentiel pour la vie. Ils doivent apprendre a discerner les mots ou les d\u00e9clarations, a reconna\u00eetre les messages non verbaux, \u00e0 maintenir le contact oculaire, \u00e0 poser les questions qu&rsquo;il faut et \u00e0 donner les r\u00e9ponses appropri\u00e9es.<\/p>\n<p>Proverbes 15:1, 2 nous dit: <em>\u00ab\u00a0Une r\u00e9ponse aimable apaise la col\u00e8re, mais une parole brutale l&rsquo;excite. Quand le sage parle, il donne envie de s&rsquo;instruire, mais la bouche des sors r\u00e9pand la b\u00eatise.\u00a0\u00bb<\/em><\/p>\n<p>La capacit\u00e9 d&rsquo;\u00e9couter efficacement, sans se h\u00e2ter de r\u00e9pondre, est une technique que chaque employ\u00e9 doit maitriser sur son lieu de travail. Il est encore plus utile dans une situation dans laquelle il y a une discussion, car il peut \u00e9teindre m\u00eame les feux les plus ardents de la col\u00e8re.<\/p>\n<p>Le probl\u00e8me de nos relations r\u00e9ciproques joue un r\u00f4le essentiel, car une r\u00e9ponse douce ne peut venir que d&rsquo;un c\u0153ur tendre et aimant. Les gens qui passent beaucoup de temps ensemble chaque jour tendent \u00e0 s&rsquo;habituer les uns aux autres, au point de perdre parfois leurs principes \u00e9l\u00e9mentaires de courtoisie et de respect. La force de faire preuve de douceur et de calme face \u00e0 une col\u00e8re d\u00e9cha\u00een\u00e9e ne peut venir que de Dieu, qui doit \u00eatre le centre de toute relation.<\/p>\n<p>Les institutions chr\u00e9tiennes doivent \u00eatre diff\u00e9rentes des institutions s\u00e9culi\u00e8res. Ceci n&rsquo;est possible que si nous avons des oreilles qui \u00e9coutent et si nous sommes lents \u00e0 parler. Nous devons \u00eatre pour tous des re\ufb02ets du caract\u00e8re du Christ, quel que soit leur milieu social.<\/p>\n<blockquote>\n<p>P\u00e9pite de sant\u00e9 :<br \/>\u00ab\u00a0Les relations sont plus fortes lorsque nous veillons sur notre langue.\u00a0\u00bb<\/p>\n<\/blockquote>\n\n\n<p><\/p>\n","protected":false},"excerpt":{"rendered":"<p>Une Oreille qui \u00c9coute et une Langue qui Prononce des Paroles Douces \u00ab\u00a0Rappelez-vous bien ceci, mes chers fr\u00e8res: chacun doit \u00eatre prompt \u00e0 \u00e9couter, mais lent \u00e0 parler et lent \u00e0 se mettre en col\u00e8re; 20car un homme en col\u00e8re n&rsquo;accomplit pas ce qui est juste aux yeux de Dieu.\u00a0\u00bb Jacques 1.19, 20 Dans son [&hellip;]<\/p>\n","protected":false},"author":4,"featured_media":0,"comment_status":"open","ping_status":"open","sticky":false,"template":"","format":"standard","meta":{"_exactmetrics_skip_tracking":false,"_exactmetrics_sitenote_active":false,"_exactmetrics_sitenote_note":"","_exactmetrics_sitenote_category":0,"footnotes":""},"categories":[15],"tags":[],"_links":{"self":[{"href":"http:\/\/reveiletreforme.adventiste.re\/index.php?rest_route=\/wp\/v2\/posts\/10543"}],"collection":[{"href":"http:\/\/reveiletreforme.adventiste.re\/index.php?rest_route=\/wp\/v2\/posts"}],"about":[{"href":"http:\/\/reveiletreforme.adventiste.re\/index.php?rest_route=\/wp\/v2\/types\/post"}],"author":[{"embeddable":true,"href":"http:\/\/reveiletreforme.adventiste.re\/index.php?rest_route=\/wp\/v2\/users\/4"}],"replies":[{"embeddable":true,"href":"http:\/\/reveiletreforme.adventiste.re\/index.php?rest_route=%2Fwp%2Fv2%2Fcomments&post=10543"}],"version-history":[{"count":1,"href":"http:\/\/reveiletreforme.adventiste.re\/index.php?rest_route=\/wp\/v2\/posts\/10543\/revisions"}],"predecessor-version":[{"id":10544,"href":"http:\/\/reveiletreforme.adventiste.re\/index.php?rest_route=\/wp\/v2\/posts\/10543\/revisions\/10544"}],"wp:attachment":[{"href":"http:\/\/reveiletreforme.adventiste.re\/index.php?rest_route=%2Fwp%2Fv2%2Fmedia&parent=10543"}],"wp:term":[{"taxonomy":"category","embeddable":true,"href":"http:\/\/reveiletreforme.adventiste.re\/index.php?rest_route=%2Fwp%2Fv2%2Fcategories&post=10543"},{"taxonomy":"post_tag","embeddable":true,"href":"http:\/\/reveiletreforme.adventiste.re\/index.php?rest_route=%2Fwp%2Fv2%2Ftags&post=10543"}],"curies":[{"name":"wp","href":"https:\/\/api.w.org\/{rel}","templated":true}]}}