{"id":10669,"date":"2020-02-29T00:22:31","date_gmt":"2020-02-28T20:22:31","guid":{"rendered":"http:\/\/reveiletreforme.adventiste.re\/?p=10669"},"modified":"2020-03-10T22:15:02","modified_gmt":"2020-03-10T18:15:02","slug":"vigile-matinale-du-29-fevrier","status":"publish","type":"post","link":"http:\/\/reveiletreforme.adventiste.re\/?p=10669","title":{"rendered":"Vigile matinale du 29 f\u00e9vrier"},"content":{"rendered":"<h2 style=\"text-align: center;\"><strong>Sur les ailes d&rsquo;un aigle<\/strong><\/h2>\n<p class=\"verset\" style=\"text-align: center;\"><strong>Mais ceux qui se confient en l&rsquo;\u00c9ternel renouvellent leur force. Ils prennent leur vol comme les aigles. <\/strong><br \/>\n<em><strong>\u00c9sa\u00efe. 40.31<\/strong><\/em><\/p>\n<p>Les paroles d&rsquo;\u00c9sa\u00efe sur la confiance en l&rsquo;\u00c9ternel nous incitent \u00e0 envisager l&rsquo;avenir avec une ferme assurance. Tant et si bien que, du sein de notre \u00e9preuve, nous attendons un salut qui est certain, selon ce que J\u00e9sus a promis \u00e0 ses disciples : <em>\u00abHeureux les afflig\u00e9s, car ils seront consol\u00e9s !\u00bb<\/em> (Matthieu 5.4.)<\/p>\n<p>Sachant que notre destin\u00e9e est glorieuse, c&rsquo;est-\u00e0-dire la ferme esp\u00e9rance du ciel, nous sommes en mesure de poursuivre notre route ici-bas. Malgr\u00e9 notre fatigue, nous pouvons \u00e9tendre les ailes de notre foi et voler ! Nous pouvons marcher sur le sentier de l&rsquo;ob\u00e9issance sans nous fatiguer. Nous pouvons supporter la routine de tous les jours sans nous lasser. Un monde meilleur s&rsquo;en vient, o\u00f9 notre esprit nous poussera \u00e0 l&rsquo;action et notre corps courra, bondira et volera ! C&rsquo;est l\u00e0 notre esp\u00e9rance.<\/p>\n<p>Entre-temps, ce qui sera vrai un jour peut commencer \u00e0 l&rsquo;\u00eatre d\u00e8s aujourd&rsquo;hui. Nous pouvons \u00eatre fermes, patients et joyeux malgr\u00e9 une grande fatigue ; bons et calmes, moins concentr\u00e9s sur notre fragilit\u00e9 et notre lassitude ; plus soucieux des autres que de nous-m\u00eames ; pr\u00eats \u00e0 dire une parole aimable \u00e0 ceux qui souffrent. Nous pouvons nous pr\u00e9parer d\u00e8s maintenant pour le jour o\u00f9 notre \u00e2me s&rsquo;envolera. \u2014 David H. Roper<\/p>\n<blockquote>\n<p class=\"verset\">Lorsque les difficult\u00e9s de la vie vous fatiguent, trouvez votre repos dans le Seigneur.<\/p>\n<\/blockquote>\n","protected":false},"excerpt":{"rendered":"<p>Sur les ailes d&rsquo;un aigle Mais ceux qui se confient en l&rsquo;\u00c9ternel renouvellent leur force. Ils prennent leur vol comme les aigles. \u00c9sa\u00efe. 40.31 Les paroles d&rsquo;\u00c9sa\u00efe sur la confiance en l&rsquo;\u00c9ternel nous incitent \u00e0 envisager l&rsquo;avenir avec une ferme assurance. Tant et si bien que, du sein de notre \u00e9preuve, nous attendons un salut [&hellip;]<\/p>\n","protected":false},"author":4,"featured_media":0,"comment_status":"open","ping_status":"open","sticky":false,"template":"","format":"standard","meta":{"_exactmetrics_skip_tracking":false,"_exactmetrics_sitenote_active":false,"_exactmetrics_sitenote_note":"","_exactmetrics_sitenote_category":0,"footnotes":""},"categories":[15],"tags":[],"_links":{"self":[{"href":"http:\/\/reveiletreforme.adventiste.re\/index.php?rest_route=\/wp\/v2\/posts\/10669"}],"collection":[{"href":"http:\/\/reveiletreforme.adventiste.re\/index.php?rest_route=\/wp\/v2\/posts"}],"about":[{"href":"http:\/\/reveiletreforme.adventiste.re\/index.php?rest_route=\/wp\/v2\/types\/post"}],"author":[{"embeddable":true,"href":"http:\/\/reveiletreforme.adventiste.re\/index.php?rest_route=\/wp\/v2\/users\/4"}],"replies":[{"embeddable":true,"href":"http:\/\/reveiletreforme.adventiste.re\/index.php?rest_route=%2Fwp%2Fv2%2Fcomments&post=10669"}],"version-history":[{"count":1,"href":"http:\/\/reveiletreforme.adventiste.re\/index.php?rest_route=\/wp\/v2\/posts\/10669\/revisions"}],"predecessor-version":[{"id":10670,"href":"http:\/\/reveiletreforme.adventiste.re\/index.php?rest_route=\/wp\/v2\/posts\/10669\/revisions\/10670"}],"wp:attachment":[{"href":"http:\/\/reveiletreforme.adventiste.re\/index.php?rest_route=%2Fwp%2Fv2%2Fmedia&parent=10669"}],"wp:term":[{"taxonomy":"category","embeddable":true,"href":"http:\/\/reveiletreforme.adventiste.re\/index.php?rest_route=%2Fwp%2Fv2%2Fcategories&post=10669"},{"taxonomy":"post_tag","embeddable":true,"href":"http:\/\/reveiletreforme.adventiste.re\/index.php?rest_route=%2Fwp%2Fv2%2Ftags&post=10669"}],"curies":[{"name":"wp","href":"https:\/\/api.w.org\/{rel}","templated":true}]}}