{"id":10741,"date":"2020-03-20T00:02:00","date_gmt":"2020-03-19T20:02:00","guid":{"rendered":"http:\/\/reveiletreforme.adventiste.re\/?p=10741"},"modified":"2020-03-19T15:38:18","modified_gmt":"2020-03-19T11:38:18","slug":"vigile-matinale-du-20-mars","status":"publish","type":"post","link":"http:\/\/reveiletreforme.adventiste.re\/?p=10741","title":{"rendered":"Vigile matinale du 20 mars"},"content":{"rendered":"<h4 style=\"text-align: center;\"><strong>Que votre parole soit oui, oui, non, non&#8230;<\/strong><\/h4>\n<p style=\"text-align: center;\"><strong>\u00ab\u00a0Ce qu&rsquo;on y ajoute vient du malin.\u00a0\u00bb\u00a0<em>Matthieu 5:37<\/em><\/strong><\/p>\n<p>Le Seigneur parle de la solennit\u00e9 de la parole donn\u00e9e qui, dans l&rsquo;Ancien Testament, \u00e9tait renforc\u00e9e par le serment. Mais sous la nouvelle alliance, non seulement toute sorte de jurement est interdit, mais notre parole doit \u00eatre<em> \u00ab\u00a0oui, oui, non, non; ce qu&rsquo;on y ajoute vient du malin\u00a0\u00bb<\/em>. Ainsi notre Seigneur souligne la nature sacr\u00e9e de la parole humaine. Quand nous avons dit oui, nous devons agir en cons\u00e9quence; Dieu et les hommes doivent pouvoir compter sur la fid\u00e9lit\u00e9 et la probit\u00e9 de la parole donn\u00e9e.<!--more--><\/p>\n<p><em>\u00ab\u00a0Ce qu&rsquo;on y ajoute vient du malin.\u00a0\u00bb<\/em> Notre tendance \u00e0 l&rsquo;exag\u00e9ration est ainsi s\u00e9v\u00e8rement r\u00e9prouv\u00e9e et vue sous son jour v\u00e9ritable: elle est inspir\u00e9e par le malin.<\/p>\n<p>Combien nous pouvons \u00eatre reconnaissants de ce que notre relation avec Dieu, notre P\u00e8re, ne d\u00e9pende pas de notre parole, mais de la Sienne, et de Sa gr\u00e2ce qui nous a sauv\u00e9s et choisis pour Le servir. Que notre oui soit vraiment oui, quand nous nous consacrons \u00e0 Son service et quand nous Lui donnons notre vie!<\/p>\n<p>Quand nous marchons avec Lui qui est la lumi\u00e8re, il n&rsquo;y a pas de t\u00e9n\u00e8bres; de notre part, il n&rsquo;y a pas de confusion ou d&rsquo;\u00e9quivoque. La parole donn\u00e9e est sacr\u00e9e, qu&rsquo;il s&rsquo;agisse de Dieu ou des hommes.<\/p>\n<p>Si cette exhortation de notre Seigneur \u00e9tait mise en pratique, il y aurait une profonde r\u00e9volution dans l\u2019\u00c9glise et parmi les chr\u00e9tiens: des confessions, des r\u00e9parations&#8230; pour tant d&rsquo;actes de duplicit\u00e9, de fraude et d&rsquo;hypocrisie! Cette seule phrase: <strong>\u00ab\u00a0Que votre parole soit oui, oui, non, non\u00a0\u00bb<\/strong>&#8230; mise en pratique, remuerait l&rsquo;enfer et secouerait les milieux chr\u00e9tiens.<\/p>\n<p>Recueillons-nous pour r\u00e9fl\u00e9chir aux choses que nous avons dites et promises. Notre oui, a-t-il \u00e9t\u00e9 oui? Avons-nous donn\u00e9 suite \u00e0 nos engagements? Et vis-\u00e0-vis du mal, notre non a-t-il \u00e9t\u00e9 non? Les autres peuvent-ils compter sur nous et sur notre parole? Savons-nous \u00e9viter toute exag\u00e9ration, et aussi tout amoindrissement de la v\u00e9rit\u00e9? Remplissons-nous nos engagements sans rien en retrancher? <em>(H.E. Alexander)<\/em><\/p>\n<blockquote>\n<p class=\"verset\">\u00ab\u00a0Que votre parole soit oui, oui, non, non; ce qu&rsquo;on y ajoute vient du malin.\u00a0\u00bb<\/p>\n<\/blockquote>\n","protected":false},"excerpt":{"rendered":"<p>Que votre parole soit oui, oui, non, non&#8230; \u00ab\u00a0Ce qu&rsquo;on y ajoute vient du malin.\u00a0\u00bb\u00a0Matthieu 5:37 Le Seigneur parle de la solennit\u00e9 de la parole donn\u00e9e qui, dans l&rsquo;Ancien Testament, \u00e9tait renforc\u00e9e par le serment. Mais sous la nouvelle alliance, non seulement toute sorte de jurement est interdit, mais notre parole doit \u00eatre \u00ab\u00a0oui, oui, [&hellip;]<\/p>\n","protected":false},"author":4,"featured_media":0,"comment_status":"open","ping_status":"open","sticky":false,"template":"","format":"standard","meta":{"_exactmetrics_skip_tracking":false,"_exactmetrics_sitenote_active":false,"_exactmetrics_sitenote_note":"","_exactmetrics_sitenote_category":0,"footnotes":""},"categories":[15],"tags":[],"_links":{"self":[{"href":"http:\/\/reveiletreforme.adventiste.re\/index.php?rest_route=\/wp\/v2\/posts\/10741"}],"collection":[{"href":"http:\/\/reveiletreforme.adventiste.re\/index.php?rest_route=\/wp\/v2\/posts"}],"about":[{"href":"http:\/\/reveiletreforme.adventiste.re\/index.php?rest_route=\/wp\/v2\/types\/post"}],"author":[{"embeddable":true,"href":"http:\/\/reveiletreforme.adventiste.re\/index.php?rest_route=\/wp\/v2\/users\/4"}],"replies":[{"embeddable":true,"href":"http:\/\/reveiletreforme.adventiste.re\/index.php?rest_route=%2Fwp%2Fv2%2Fcomments&post=10741"}],"version-history":[{"count":1,"href":"http:\/\/reveiletreforme.adventiste.re\/index.php?rest_route=\/wp\/v2\/posts\/10741\/revisions"}],"predecessor-version":[{"id":10742,"href":"http:\/\/reveiletreforme.adventiste.re\/index.php?rest_route=\/wp\/v2\/posts\/10741\/revisions\/10742"}],"wp:attachment":[{"href":"http:\/\/reveiletreforme.adventiste.re\/index.php?rest_route=%2Fwp%2Fv2%2Fmedia&parent=10741"}],"wp:term":[{"taxonomy":"category","embeddable":true,"href":"http:\/\/reveiletreforme.adventiste.re\/index.php?rest_route=%2Fwp%2Fv2%2Fcategories&post=10741"},{"taxonomy":"post_tag","embeddable":true,"href":"http:\/\/reveiletreforme.adventiste.re\/index.php?rest_route=%2Fwp%2Fv2%2Ftags&post=10741"}],"curies":[{"name":"wp","href":"https:\/\/api.w.org\/{rel}","templated":true}]}}