{"id":10749,"date":"2020-03-23T00:07:12","date_gmt":"2020-03-22T20:07:12","guid":{"rendered":"http:\/\/reveiletreforme.adventiste.re\/?p=10749"},"modified":"2020-03-23T00:07:12","modified_gmt":"2020-03-22T20:07:12","slug":"vigile-matinale-du-23-mars","status":"publish","type":"post","link":"http:\/\/reveiletreforme.adventiste.re\/?p=10749","title":{"rendered":"Vigile matinale du 23 mars"},"content":{"rendered":"<h4 style=\"text-align: center;\"><strong>En se mesurant \u00e0 leur propre mesure&#8230;<\/strong><\/h4>\n<p style=\"text-align: center;\"><strong>\u00ab\u00a0En se mesurant \u00e0 leur propre mesure et en se comparant \u00e0 eux-m\u00eames, ils manquent d&rsquo;intelligence.\u00a0\u00bb\u00a0<em>2 Corinthiens 10:12<\/em><\/strong><\/p>\n<p>L&rsquo;ap\u00f4tre parle ici des croyants qui se recommandent eux-m\u00eames et dont le z\u00e8le cache le d\u00e9sir de se mettre en avant. Leur activit\u00e9 ext\u00e9rieure empi\u00e9tant sur le travail des autres, ils ignorent l&rsquo;inspiration d&rsquo;en haut; ils ne connaissent que l&rsquo;imitation. L&rsquo;ap\u00f4tre touche \u00e0 la racine de ce mal en disant qu&rsquo;ils se mesurent \u00e0 une mesure humaine et non pas \u00e0 la mesure divine.<!--more--><\/p>\n<p>Est-ce un danger dont nous sommes indemnes? Jetons-nous notre regard sur quelqu&rsquo;un dont secr\u00e8tement nous convoitons le travail tout en cherchant \u00e0 l&rsquo;imiter? Nous oublions trop facilement que Dieu a Sa mesure pour chaque vie; il n&rsquo;y en a pas deux qui se ressemblent. Si notre fr\u00e8re, notre s\u0153ur sont conduits d&rsquo;une certaine fa\u00e7on, devons-nous faire de m\u00eame? <em>\u00ab\u00a0M\u00eame une \u00e9toile diff\u00e8re en \u00e9clat d&rsquo;une autre \u00e9toile.\u00a0\u00bb<\/em> 1 Corinthiens 15:41 Il y a diversit\u00e9 de dons et de minist\u00e8res, <em>\u00ab\u00a0mais le m\u00eame Seigneur\u00a0\u00bb<\/em>. Les membres du Corps de Christ, malgr\u00e9 leur nombre et leurs caract\u00e9ristiques propres, ont chacun leur mesure, leur t\u00e2che et leur minist\u00e8re.<\/p>\n<p><strong>Les comparaisons sont dangereuses; dans le domaine spirituel, elles sont interdites.<\/strong> Pourquoi donc \u00e9prouver ce besoin de nous comparer aux autres? C&rsquo;est bien la vie propre, insatiable dans ses ambitions qui nous y pousse pour que nous \u00e9chappions au contr\u00f4le de Dieu et \u00e0 l&rsquo;action de Son Esprit. En nous comparant \u00e0 notre fr\u00e8re, nous convoitons ce qu&rsquo;il est et ce qu&rsquo;il a, et la convoitise est une \u0153uvre de la chair. Nous comparer \u00e0 autrui non seulement nous rend coupables de ce p\u00e9ch\u00e9, mais nous contristons le Saint-Esprit qui attend le moment d&rsquo;agir en nous et de nous faire don des gr\u00e2ces qui nous sont destin\u00e9es. Nous d\u00e9tournons nos regards du Seigneur pour les fixer sur la cr\u00e9ature. Alors, les comparaisons sont une source de tourments et de d\u00e9ceptions sans fin. En cherchant notre propre gloire, nous voilons celle du Seigneur et nous emp\u00eachons le monde de Le voir.<\/p>\n<p>Quand nos pens\u00e9es seront amen\u00e9es captives \u00e0 l&rsquo;ob\u00e9issance de Christ, nous serons enfin dans le repos, et le Saint-Esprit pourra donner Sa mesure pour notre vie et notre service.<em> (H.E. Alexander)<br \/>\n<\/em><\/p>\n","protected":false},"excerpt":{"rendered":"<p>En se mesurant \u00e0 leur propre mesure&#8230; \u00ab\u00a0En se mesurant \u00e0 leur propre mesure et en se comparant \u00e0 eux-m\u00eames, ils manquent d&rsquo;intelligence.\u00a0\u00bb\u00a02 Corinthiens 10:12 L&rsquo;ap\u00f4tre parle ici des croyants qui se recommandent eux-m\u00eames et dont le z\u00e8le cache le d\u00e9sir de se mettre en avant. Leur activit\u00e9 ext\u00e9rieure empi\u00e9tant sur le travail des autres, [&hellip;]<\/p>\n","protected":false},"author":4,"featured_media":0,"comment_status":"open","ping_status":"open","sticky":false,"template":"","format":"standard","meta":{"_exactmetrics_skip_tracking":false,"_exactmetrics_sitenote_active":false,"_exactmetrics_sitenote_note":"","_exactmetrics_sitenote_category":0,"footnotes":""},"categories":[15],"tags":[],"_links":{"self":[{"href":"http:\/\/reveiletreforme.adventiste.re\/index.php?rest_route=\/wp\/v2\/posts\/10749"}],"collection":[{"href":"http:\/\/reveiletreforme.adventiste.re\/index.php?rest_route=\/wp\/v2\/posts"}],"about":[{"href":"http:\/\/reveiletreforme.adventiste.re\/index.php?rest_route=\/wp\/v2\/types\/post"}],"author":[{"embeddable":true,"href":"http:\/\/reveiletreforme.adventiste.re\/index.php?rest_route=\/wp\/v2\/users\/4"}],"replies":[{"embeddable":true,"href":"http:\/\/reveiletreforme.adventiste.re\/index.php?rest_route=%2Fwp%2Fv2%2Fcomments&post=10749"}],"version-history":[{"count":1,"href":"http:\/\/reveiletreforme.adventiste.re\/index.php?rest_route=\/wp\/v2\/posts\/10749\/revisions"}],"predecessor-version":[{"id":10750,"href":"http:\/\/reveiletreforme.adventiste.re\/index.php?rest_route=\/wp\/v2\/posts\/10749\/revisions\/10750"}],"wp:attachment":[{"href":"http:\/\/reveiletreforme.adventiste.re\/index.php?rest_route=%2Fwp%2Fv2%2Fmedia&parent=10749"}],"wp:term":[{"taxonomy":"category","embeddable":true,"href":"http:\/\/reveiletreforme.adventiste.re\/index.php?rest_route=%2Fwp%2Fv2%2Fcategories&post=10749"},{"taxonomy":"post_tag","embeddable":true,"href":"http:\/\/reveiletreforme.adventiste.re\/index.php?rest_route=%2Fwp%2Fv2%2Ftags&post=10749"}],"curies":[{"name":"wp","href":"https:\/\/api.w.org\/{rel}","templated":true}]}}