{"id":11264,"date":"2020-05-12T00:03:00","date_gmt":"2020-05-11T20:03:00","guid":{"rendered":"http:\/\/reveiletreforme.adventiste.re\/?p=11264"},"modified":"2020-05-11T18:35:37","modified_gmt":"2020-05-11T14:35:37","slug":"vigile-matinale-du-12-mai","status":"publish","type":"post","link":"http:\/\/reveiletreforme.adventiste.re\/?p=11264","title":{"rendered":"Vigile matinale du 12 mai"},"content":{"rendered":"<h4 style=\"text-align: center;\">Travail en plein air<\/h4>\n<p style=\"text-align: center;\"><strong>\u00ab\u00a0Puis l\u2019\u00c9ternel Dieu planta un jardin en \u00c9den, du c\u00f4t\u00e9 de l\u2019orient, et il y mit l\u2019homme qu\u2019il avait form\u00e9. [&#8230;] L\u2019\u00c9ternel Dieu prit l\u2019homme, et le pla\u00e7a dans le jardin d\u2019\u00c9den pour le cultiver et pour le garder.\u00a0\u00bb <em><span class=\"bible-fre\" title=\"Gen\u00e8se 2:8\">Gen\u00e8se 2:8, 15<\/span><\/em><\/strong><\/p>\n<div class=\"showitem pubtype-book-periodical p standard-indented\">\n<div class=\"text standard-indented\">Dieu confia les soins du jardin \u00e0 nos premiers parents. Ils furent charg\u00e9s de le cultiver et de le garder. Bien qu\u2019ils fussent riches de tout ce que le propri\u00e9taire de l\u2019univers pouvait leur prodiguer, ils ne devaient pas rester oisifs. Une occupation utile leur fut donn\u00e9e comme une b\u00e9n\u00e9diction, pour fortifier leur corps, d\u00e9velopper leur esprit et former leur caract\u00e8re.<\/div>\n<\/div>\n<p><!--more--><\/p>\n<div class=\"showitem pubtype-book-periodical p standard-indented active\">\n<div class=\"text standard-indented\">Que les hommes et les femmes travaillent dans les champs, dans les vergers, dans les jardins. Cette pratique donnera la sant\u00e9 et la vigueur \u00e0 leurs nerfs et \u00e0 leurs muscles. [&#8230;] Chaque partie de l\u2019organisme humain devrait \u00eatre mise \u00e0 contribution \u00e9galement. C\u2019est n\u00e9cessaire pour le d\u00e9veloppement harmonieux et pour le fonctionnement de chaque organe. [&#8230;] Dieu a cr\u00e9\u00e9 les nerfs et les muscles pour qu\u2019ils agissent. C\u2019est l\u2019inactivit\u00e9 de la machine humaine qui provoque la souffrance et la maladie.<\/div>\n<\/div>\n<div class=\"showitem pubtype-book-periodical p standard-indented\">\n<div class=\"text standard-indented\">Il y a plus de gens qui meurent du manque d\u2019exercice que de surmenage. On compte plus de personnes rouill\u00e9es que de personnes \u00e9puis\u00e9es. Ceux qui s\u2019habituent \u00e0 un exercice bien dirig\u00e9, pratiqu\u00e9 en plein air, ont g\u00e9n\u00e9ralement une circulation bonne et active.<\/div>\n<\/div>\n<div class=\"showitem pubtype-book-periodical p standard-indented\">\n<div class=\"text standard-indented\">L\u2019exercice matinal: marche dans un air pur et vivifiant, culture des fleurs, des fruits, des l\u00e9gumes, est n\u00e9cessaire pour assurer au sang une circulation convenable. Il est la sauvegarde la plus s\u00fbre contre les refroidissements, les congestions pulmonaires et c\u00e9r\u00e9brales, les inflammations du foie, des reins, des poumons et contre cent autres maladies.<\/div>\n<\/div>\n<div class=\"showitem pubtype-book-periodical p standard-indented\">\n<div class=\"text standard-indented\">Sortez et faites un exercice quotidien m\u00eame si vous devez n\u00e9gliger certains des travaux qui se font \u00e0 l\u2019int\u00e9rieur.<\/div>\n<\/div>\n<div class=\"showitem pubtype-book-periodical p standard-indented\">\n<div class=\"text standard-indented\">Plus nous nous mettrons en harmonie avec le plan originel de Dieu, plus nous serons dispos\u00e9s \u00e0 recouvrer la sant\u00e9 et \u00e0 la conserver. <em>(E.G.White &#8211; Avec Dieu chaque jour)<\/em><\/div>\n<\/div>\n","protected":false},"excerpt":{"rendered":"<p>Travail en plein air \u00ab\u00a0Puis l\u2019\u00c9ternel Dieu planta un jardin en \u00c9den, du c\u00f4t\u00e9 de l\u2019orient, et il y mit l\u2019homme qu\u2019il avait form\u00e9. [&#8230;] L\u2019\u00c9ternel Dieu prit l\u2019homme, et le pla\u00e7a dans le jardin d\u2019\u00c9den pour le cultiver et pour le garder.\u00a0\u00bb Gen\u00e8se 2:8, 15 Dieu confia les soins du jardin \u00e0 nos premiers [&hellip;]<\/p>\n","protected":false},"author":4,"featured_media":0,"comment_status":"open","ping_status":"open","sticky":false,"template":"","format":"standard","meta":{"_exactmetrics_skip_tracking":false,"_exactmetrics_sitenote_active":false,"_exactmetrics_sitenote_note":"","_exactmetrics_sitenote_category":0,"footnotes":""},"categories":[15],"tags":[],"_links":{"self":[{"href":"http:\/\/reveiletreforme.adventiste.re\/index.php?rest_route=\/wp\/v2\/posts\/11264"}],"collection":[{"href":"http:\/\/reveiletreforme.adventiste.re\/index.php?rest_route=\/wp\/v2\/posts"}],"about":[{"href":"http:\/\/reveiletreforme.adventiste.re\/index.php?rest_route=\/wp\/v2\/types\/post"}],"author":[{"embeddable":true,"href":"http:\/\/reveiletreforme.adventiste.re\/index.php?rest_route=\/wp\/v2\/users\/4"}],"replies":[{"embeddable":true,"href":"http:\/\/reveiletreforme.adventiste.re\/index.php?rest_route=%2Fwp%2Fv2%2Fcomments&post=11264"}],"version-history":[{"count":3,"href":"http:\/\/reveiletreforme.adventiste.re\/index.php?rest_route=\/wp\/v2\/posts\/11264\/revisions"}],"predecessor-version":[{"id":11267,"href":"http:\/\/reveiletreforme.adventiste.re\/index.php?rest_route=\/wp\/v2\/posts\/11264\/revisions\/11267"}],"wp:attachment":[{"href":"http:\/\/reveiletreforme.adventiste.re\/index.php?rest_route=%2Fwp%2Fv2%2Fmedia&parent=11264"}],"wp:term":[{"taxonomy":"category","embeddable":true,"href":"http:\/\/reveiletreforme.adventiste.re\/index.php?rest_route=%2Fwp%2Fv2%2Fcategories&post=11264"},{"taxonomy":"post_tag","embeddable":true,"href":"http:\/\/reveiletreforme.adventiste.re\/index.php?rest_route=%2Fwp%2Fv2%2Ftags&post=11264"}],"curies":[{"name":"wp","href":"https:\/\/api.w.org\/{rel}","templated":true}]}}