{"id":12502,"date":"2021-06-08T00:01:00","date_gmt":"2021-06-07T20:01:00","guid":{"rendered":"http:\/\/reveiletreforme.adventiste.re\/?p=12502"},"modified":"2021-06-07T20:49:38","modified_gmt":"2021-06-07T16:49:38","slug":"vigile-matinale-du-08-juin-2","status":"publish","type":"post","link":"http:\/\/reveiletreforme.adventiste.re\/?p=12502","title":{"rendered":"Vigile matinale du 08 juin"},"content":{"rendered":"<h4 style=\"text-align: center;\">Les caract\u00e8res de la v\u00e9ritable sanctification<\/h4>\n<p style=\"text-align: center;\"><strong>\u00ab\u00a0Que le Dieu de paix vous sanctifie lui-m\u00eame tout entiers, et que tout votre \u00eatre, l\u2019,esprit, l\u2019,\u00e2me et le corps, soit conserv\u00e9 irr\u00e9pr\u00e9hensible, lors de l\u2019,av\u00e8nement de notre Seigneur J\u00e9sus-Christ!\u00a0\u00bb<em> 1 Thessaloniciens 5 : 23<\/em><\/strong><\/p>\n<p>L\u2019\u0153uvre de la sanctification commence dans le c\u0153ur, et nous devons entretenir avec Dieu des relations telles que J\u00e9sus puisse mettre son empreinte divine en nous.<!--more--> Il convient de nous vider de nous-m\u00eames pour faire de la place pour J\u00e9sus. Nombreux sont, h\u00e9las ! ceux dont le c\u0153ur est si plein d\u2019idoles qu&rsquo;ils ne peuvent recevoir leur R\u00e9dempteur. Le monde tient captif le c\u0153ur des hommes qui concentrent leurs pens\u00e9es et leurs affections sur leurs affaires, leur famille et leur position. Ils tiennent \u00e0 leurs opinions, leurs habitudes, et les ch\u00e9rissent comme les idoles de leur \u00e2me. &#8230; Nous devons nous vider de nous-m\u00eames, mais cela n\u2019est pas suffisant, car, apr\u00e8s avoir renonc\u00e9 aux idoles, il faut combler le vide qu\u2019elles ont laiss\u00e9.<\/p>\n<p>Apr\u00e8s avoir \u00f4t\u00e9 du c\u0153ur le <em>\u00ab\u00a0moi \u00ab\u00a0<\/em>, acceptons la justice du Christ, retenons-la par la foi. &#8230; Si vous ouvrez votre c\u0153ur \u00e0 J\u00e9sus, il le remplira par le don de son Esprit, et vous serez un pr\u00e9dicateur vivant dans votre foyer, dans votre \u00e9glise et dans le monde. Vous r\u00e9pandrez la lumi\u00e8re parce que des rayons du Soleil de justice tomberont sur vous. L\u2019humilit\u00e9 de votre vie, la saintet\u00e9 de votre conversation, votre int\u00e9grit\u00e9 diront \u00e0 tous que vous \u00eates un enfant de Dieu, un h\u00e9ritier du ciel, que ce monde n\u2019est pas votre v\u00e9ritable demeure, mais que vous \u00eates un p\u00e8lerin et un \u00e9tranger d\u00e9sirant une meilleure patrie, une c\u00e9leste.<\/p>\n<p>Pour ne donner au monde que la place qui lui revient, il est n\u00e9cessaire d\u2019avoir une foi qui ne soit ni formaliste, ni occasionnelle. Plusieurs acceptent le fait que J\u00e9sus \u00e9tait le Fils de Dieu, mais ils n\u2019ont cependant pas la foi qui sauve. J\u00e9sus doit \u00eatre le tout de l\u2019\u00e2me. Il faut le recevoir comme un Sauveur personnel et parfait.<\/p>\n<p>La v\u00e9ritable sanctification se manifestera par un respect scrupuleux de tous les commandements de Dieu, par le d\u00e9veloppement de tous nos talents, par une conversation choisie et des actes empreints de l\u2019humilit\u00e9 du Christ. <em>(E.G. White &#8211; Pour mieux conna\u00eetre J\u00e9sus-Christ)<\/em><\/p>\n","protected":false},"excerpt":{"rendered":"<p>Les caract\u00e8res de la v\u00e9ritable sanctification \u00ab\u00a0Que le Dieu de paix vous sanctifie lui-m\u00eame tout entiers, et que tout votre \u00eatre, l\u2019,esprit, l\u2019,\u00e2me et le corps, soit conserv\u00e9 irr\u00e9pr\u00e9hensible, lors de l\u2019,av\u00e8nement de notre Seigneur J\u00e9sus-Christ!\u00a0\u00bb 1 Thessaloniciens 5 : 23 L\u2019\u0153uvre de la sanctification commence dans le c\u0153ur, et nous devons entretenir avec Dieu [&hellip;]<\/p>\n","protected":false},"author":4,"featured_media":0,"comment_status":"open","ping_status":"open","sticky":false,"template":"","format":"standard","meta":{"_exactmetrics_skip_tracking":false,"_exactmetrics_sitenote_active":false,"_exactmetrics_sitenote_note":"","_exactmetrics_sitenote_category":0,"footnotes":""},"categories":[15],"tags":[],"_links":{"self":[{"href":"http:\/\/reveiletreforme.adventiste.re\/index.php?rest_route=\/wp\/v2\/posts\/12502"}],"collection":[{"href":"http:\/\/reveiletreforme.adventiste.re\/index.php?rest_route=\/wp\/v2\/posts"}],"about":[{"href":"http:\/\/reveiletreforme.adventiste.re\/index.php?rest_route=\/wp\/v2\/types\/post"}],"author":[{"embeddable":true,"href":"http:\/\/reveiletreforme.adventiste.re\/index.php?rest_route=\/wp\/v2\/users\/4"}],"replies":[{"embeddable":true,"href":"http:\/\/reveiletreforme.adventiste.re\/index.php?rest_route=%2Fwp%2Fv2%2Fcomments&post=12502"}],"version-history":[{"count":1,"href":"http:\/\/reveiletreforme.adventiste.re\/index.php?rest_route=\/wp\/v2\/posts\/12502\/revisions"}],"predecessor-version":[{"id":12503,"href":"http:\/\/reveiletreforme.adventiste.re\/index.php?rest_route=\/wp\/v2\/posts\/12502\/revisions\/12503"}],"wp:attachment":[{"href":"http:\/\/reveiletreforme.adventiste.re\/index.php?rest_route=%2Fwp%2Fv2%2Fmedia&parent=12502"}],"wp:term":[{"taxonomy":"category","embeddable":true,"href":"http:\/\/reveiletreforme.adventiste.re\/index.php?rest_route=%2Fwp%2Fv2%2Fcategories&post=12502"},{"taxonomy":"post_tag","embeddable":true,"href":"http:\/\/reveiletreforme.adventiste.re\/index.php?rest_route=%2Fwp%2Fv2%2Ftags&post=12502"}],"curies":[{"name":"wp","href":"https:\/\/api.w.org\/{rel}","templated":true}]}}