{"id":12508,"date":"2021-06-11T00:32:00","date_gmt":"2021-06-10T20:32:00","guid":{"rendered":"http:\/\/reveiletreforme.adventiste.re\/?p=12508"},"modified":"2021-06-10T21:48:04","modified_gmt":"2021-06-10T17:48:04","slug":"vigile-matinale-du-11-juin-2","status":"publish","type":"post","link":"http:\/\/reveiletreforme.adventiste.re\/?p=12508","title":{"rendered":"Vigile matinale du 11 juin"},"content":{"rendered":"<h4 style=\"text-align: center;\">Premi\u00e8rement le royaume et la justice de Dieu<\/h4>\n<p style=\"text-align: center;\"><strong>\u00ab\u00a0Nous regardons, non point aux choses visibles, mais \u00e0 celles qui sont invisibles ; car les choses visibles sont passag\u00e8res, et les invisibles sont \u00e9ternelles.\u00a0\u00bb<em> 2 Corinthiens 4: 18<\/em><\/strong><\/p>\n<p>\u00c9clipser \u00e0 nos yeux la gloire du monde \u00e0 venir, attirer notre attention sur les choses de cette terre, tel est le but constant de l\u2019ennemi. Il s\u2019arrange pour que nos pens\u00e9es, nos pr\u00e9occupations, notre travail soient enti\u00e8rement au service des choses temporelles et que nous ne voyions ni ne comprenions plus les r\u00e9alit\u00e9s \u00e9ternelles. <!--more-->Dans notre esprit, les tracas de ce monde prennent une grande place, tandis que J\u00e9sus et les gloires du monde \u00e0 venir n\u2019ont droit qu\u2019\u00e0 une fraction minime de nos pens\u00e9es et de nos affections. Nous devons, certes, nous acquitter consciencieusement de nos t\u00e2ches quotidiennes, mais ce qui importe le plus, c\u2019est de penser, avec la plus sainte affection, \u00e0 notre Seigneur J\u00e9sus-Christ.<\/p>\n<p>La vision des r\u00e9alit\u00e9s c\u00e9lestes n\u2019est pas un obstacle \u00e0 l\u2019accomplissement de nos devoirs quotidiens ; elle nous rend, au contraire, capables de nous en acquitter d\u2019une mani\u00e8re plus efficace et plus fid\u00e8le. Bien que les gloires du monde \u00e9ternel soient de nature \u00e0 captiver l\u2019attention, \u00e0 charmer l\u2019esprit et \u00e0 enthousiasmer l\u2019\u00eatre tout entier, l\u2019illumination spirituelle incite n\u00e9anmoins \u00e0 une activit\u00e9 calme et diligente qui rend le chr\u00e9tien capable de s\u2019acquitter avec joie des devoirs ordinaires de la vie.<\/p>\n<p>La contemplation de l\u2019amour de Dieu manifest\u00e9 dans le don de son Fils pour le salut de tous les hommes vivifie les forces spirituelles et stimule les facult\u00e9s. L\u2019\u0153uvre merveilleuse de la r\u00e9demption est un myst\u00e8re. Mais les objets m\u00eames d\u2019une telle gr\u00e2ce demeurent, h\u00e9las ! indiff\u00e9rents.<\/p>\n<p>Si nous n\u2019\u00e9tions pas aveugl\u00e9s par le p\u00e9ch\u00e9 et la vision des sombres tableaux plac\u00e9s constamment par Satan devant nos yeux, un flot de gratitude fervente jaillirait constamment de nos c\u0153urs vers celui qui nous accorde chaque jour ses bienfaits imm\u00e9rit\u00e9s. Le chant \u00e9ternel des rachet\u00e9s sera un hymne de louange \u00e0 Celui qui nous a aim\u00e9s et lav\u00e9s de nos p\u00e9ch\u00e9s par son propre sang. Si nous voulons un jour l\u2019entonner devant le tr\u00f4ne de Dieu, nous devons l\u2019apprendre d\u00e8s ici-bas. <em>(E.G. White &#8211; Pour mieux conna\u00eetre J\u00e9sus-Christ)<\/em><\/p>\n","protected":false},"excerpt":{"rendered":"<p>Premi\u00e8rement le royaume et la justice de Dieu \u00ab\u00a0Nous regardons, non point aux choses visibles, mais \u00e0 celles qui sont invisibles ; car les choses visibles sont passag\u00e8res, et les invisibles sont \u00e9ternelles.\u00a0\u00bb 2 Corinthiens 4: 18 \u00c9clipser \u00e0 nos yeux la gloire du monde \u00e0 venir, attirer notre attention sur les choses de cette [&hellip;]<\/p>\n","protected":false},"author":4,"featured_media":0,"comment_status":"open","ping_status":"open","sticky":false,"template":"","format":"standard","meta":{"_exactmetrics_skip_tracking":false,"_exactmetrics_sitenote_active":false,"_exactmetrics_sitenote_note":"","_exactmetrics_sitenote_category":0,"footnotes":""},"categories":[15],"tags":[],"_links":{"self":[{"href":"http:\/\/reveiletreforme.adventiste.re\/index.php?rest_route=\/wp\/v2\/posts\/12508"}],"collection":[{"href":"http:\/\/reveiletreforme.adventiste.re\/index.php?rest_route=\/wp\/v2\/posts"}],"about":[{"href":"http:\/\/reveiletreforme.adventiste.re\/index.php?rest_route=\/wp\/v2\/types\/post"}],"author":[{"embeddable":true,"href":"http:\/\/reveiletreforme.adventiste.re\/index.php?rest_route=\/wp\/v2\/users\/4"}],"replies":[{"embeddable":true,"href":"http:\/\/reveiletreforme.adventiste.re\/index.php?rest_route=%2Fwp%2Fv2%2Fcomments&post=12508"}],"version-history":[{"count":1,"href":"http:\/\/reveiletreforme.adventiste.re\/index.php?rest_route=\/wp\/v2\/posts\/12508\/revisions"}],"predecessor-version":[{"id":12509,"href":"http:\/\/reveiletreforme.adventiste.re\/index.php?rest_route=\/wp\/v2\/posts\/12508\/revisions\/12509"}],"wp:attachment":[{"href":"http:\/\/reveiletreforme.adventiste.re\/index.php?rest_route=%2Fwp%2Fv2%2Fmedia&parent=12508"}],"wp:term":[{"taxonomy":"category","embeddable":true,"href":"http:\/\/reveiletreforme.adventiste.re\/index.php?rest_route=%2Fwp%2Fv2%2Fcategories&post=12508"},{"taxonomy":"post_tag","embeddable":true,"href":"http:\/\/reveiletreforme.adventiste.re\/index.php?rest_route=%2Fwp%2Fv2%2Ftags&post=12508"}],"curies":[{"name":"wp","href":"https:\/\/api.w.org\/{rel}","templated":true}]}}