{"id":12900,"date":"2021-10-27T00:27:00","date_gmt":"2021-10-26T20:27:00","guid":{"rendered":"http:\/\/reveiletreforme.adventiste.re\/?p=12900"},"modified":"2021-10-26T17:16:16","modified_gmt":"2021-10-26T13:16:16","slug":"vigile-matinale-du-27-octobre-2","status":"publish","type":"post","link":"http:\/\/reveiletreforme.adventiste.re\/?p=12900","title":{"rendered":"Vigile matinale du 27 octobre"},"content":{"rendered":"<h4 style=\"text-align: center;\">Repr\u00e9sentants du Christ dans le monde<\/h4>\n<p style=\"text-align: center;\"><strong>\u00ab\u00a0Ils ne sont pas du monde, comme moi je ne suis pas du monde. Sanctifie-les par ta v\u00e9rit\u00e9 : ta parole est la v\u00e9rit\u00e9.\u00a0\u00bb <em>Jean 17: 16, 17<\/em><\/strong><\/p>\n<p>J\u00e9sus dit : <em>\u00abJe me sanctifie moi-m\u00eame pour eux, afin qu\u2019eux aussi soient sanctifi\u00e9s par la v\u00e9rit\u00e9.\u00bb<\/em> (Jean 17 : 19.) <em>\u00abTa parole est la v\u00e9rit\u00e9.\u00bb<\/em> Nous avons donc besoin de nous familiariser avec la Parole de Dieu, de l\u2019\u00e9tudier et de la mettre en pratique. &#8230; Nous renions le Christ, qui \u00f4te les p\u00e9ch\u00e9s du monde, si, apr\u00e8s avoir re\u00e7u la v\u00e9rit\u00e9, nous n\u2019en montrons pas au monde les effets sanctifiants dans notre caract\u00e8re. Si nous ne sommes pas des hommes et des femmes remplis de bont\u00e9, de piti\u00e9, de courtoisie, de tendresse et d\u2019amour, si nous ne manifestons pas envers autrui l\u2019amour qui a pouss\u00e9 J\u00e9sus \u00e0 remplir sa mission de mis\u00e9ricorde, nous ne pouvons pr\u00e9tendre \u00eatre, aux yeux du monde, les t\u00e9moins de la puissance du Christ. <!--more--><\/p>\n<p>J\u00e9sus ne s\u2019est pas complu en lui-m\u00eame. Il s\u2019est donn\u00e9 en sacrifice pour le bonheur des autres. Il a \u00e9lev\u00e9, ennobli, rendu heureux ceux avec lesquels il est entr\u00e9 en contact. Ceux qui re\u00e7oivent le Christ renonceront \u00e0 tout ce qui est rude et grossier. J\u00e9sus habitant leur c\u0153ur par la foi, ils r\u00e9v\u00e9leront son amabilit\u00e9 et sa bont\u00e9. Le Christ \u00e9tait la lumi\u00e8re qui brillait dans les t\u00e9n\u00e8bres, et ses disciples le seront aussi en allumant leur flambeau \u00e0 l\u2019autel divin. Le caract\u00e8re sanctifi\u00e9 par la v\u00e9rit\u00e9 brillera d\u2019un \u00e9clat particulier.<\/p>\n<p>Le Christ est notre mod\u00e8le. Mais si nous ne le contemplons pas, nous ne pourrons le refl\u00e9ter dans notre vie quotidienne. Il \u00e9tait doux et humble de c\u0153ur. Jamais il ne fut rude, jamais il ne pronon\u00e7a des paroles grossi\u00e8res. Des fa\u00e7ons dures et brutales ne plaisent pas an Seigneur. Tout \u00e9go\u00efsme doit dispara\u00eetre de nos caract\u00e8res. Portons le joug du Christ. Alors, nous serons pr\u00eats pour vivre en compagnie des anges c\u00e9lestes. Nous sommes dans le monde, mais nous ne sommes pas du monde. Nous devons \u00eatre un portrait du Christ. Comme le Seigneur de vie et de gloire vint sur cette terre pour faire conna\u00eetre le P\u00e8re, il faut que nous nous attachions, nous aussi, \u00e0 le repr\u00e9senter. <em>(E.G. White &#8211; Pour mieux conna\u00eetre J\u00e9sus-Christ)<\/em><\/p>\n","protected":false},"excerpt":{"rendered":"<p>Repr\u00e9sentants du Christ dans le monde \u00ab\u00a0Ils ne sont pas du monde, comme moi je ne suis pas du monde. Sanctifie-les par ta v\u00e9rit\u00e9 : ta parole est la v\u00e9rit\u00e9.\u00a0\u00bb Jean 17: 16, 17 J\u00e9sus dit : \u00abJe me sanctifie moi-m\u00eame pour eux, afin qu\u2019eux aussi soient sanctifi\u00e9s par la v\u00e9rit\u00e9.\u00bb (Jean 17 : 19.) [&hellip;]<\/p>\n","protected":false},"author":4,"featured_media":0,"comment_status":"open","ping_status":"open","sticky":false,"template":"","format":"standard","meta":{"_exactmetrics_skip_tracking":false,"_exactmetrics_sitenote_active":false,"_exactmetrics_sitenote_note":"","_exactmetrics_sitenote_category":0,"footnotes":""},"categories":[15],"tags":[],"_links":{"self":[{"href":"http:\/\/reveiletreforme.adventiste.re\/index.php?rest_route=\/wp\/v2\/posts\/12900"}],"collection":[{"href":"http:\/\/reveiletreforme.adventiste.re\/index.php?rest_route=\/wp\/v2\/posts"}],"about":[{"href":"http:\/\/reveiletreforme.adventiste.re\/index.php?rest_route=\/wp\/v2\/types\/post"}],"author":[{"embeddable":true,"href":"http:\/\/reveiletreforme.adventiste.re\/index.php?rest_route=\/wp\/v2\/users\/4"}],"replies":[{"embeddable":true,"href":"http:\/\/reveiletreforme.adventiste.re\/index.php?rest_route=%2Fwp%2Fv2%2Fcomments&post=12900"}],"version-history":[{"count":1,"href":"http:\/\/reveiletreforme.adventiste.re\/index.php?rest_route=\/wp\/v2\/posts\/12900\/revisions"}],"predecessor-version":[{"id":12901,"href":"http:\/\/reveiletreforme.adventiste.re\/index.php?rest_route=\/wp\/v2\/posts\/12900\/revisions\/12901"}],"wp:attachment":[{"href":"http:\/\/reveiletreforme.adventiste.re\/index.php?rest_route=%2Fwp%2Fv2%2Fmedia&parent=12900"}],"wp:term":[{"taxonomy":"category","embeddable":true,"href":"http:\/\/reveiletreforme.adventiste.re\/index.php?rest_route=%2Fwp%2Fv2%2Fcategories&post=12900"},{"taxonomy":"post_tag","embeddable":true,"href":"http:\/\/reveiletreforme.adventiste.re\/index.php?rest_route=%2Fwp%2Fv2%2Ftags&post=12900"}],"curies":[{"name":"wp","href":"https:\/\/api.w.org\/{rel}","templated":true}]}}