{"id":13324,"date":"2022-03-23T00:23:00","date_gmt":"2022-03-22T20:23:00","guid":{"rendered":"http:\/\/reveiletreforme.adventiste.re\/?p=13324"},"modified":"2022-03-22T18:56:31","modified_gmt":"2022-03-22T14:56:31","slug":"vigile-matinale-du-23-mars-3","status":"publish","type":"post","link":"http:\/\/reveiletreforme.adventiste.re\/?p=13324","title":{"rendered":"Vigile matinale du 23 mars"},"content":{"rendered":"<h4 style=\"text-align: center;\">L&rsquo;autorit\u00e9 \u00e0 distance<\/h4>\n<p style=\"text-align: center;\"><strong>\u00ab\u00a0Comme il \u00e9tait entr\u00e9 dans Capharna\u00fcm, un centurion l&rsquo;aborda et le supplia : Seigneur, mon serviteur est couch\u00e9 \u00e0 la maison, paralys\u00e9 et violemment tourment\u00e9. Il lui r\u00e9pondit : Moi, je viendrai le gu\u00e9rir. Le centurion r\u00e9pondit : Seigneur, [\u2026] dis seulement une parole, et mon serviteur sera gu\u00e9ri ! Car je suis moi-m\u00eame sous l&rsquo;autorit\u00e9 de mes sup\u00e9rieurs et j&rsquo;ai des soldats sous mes ordres ; je dis \u00e0 l&rsquo;un : \u00ab Va ! \u00bb et il va \u00e0 l&rsquo;autre : \u00ab Viens ! \u00bb et il vient, et \u00e0 mon esclave : \u00ab Fais ceci ! \u00bb et il le fait.\u00a0\u00bb <em>Matthieu 8.5-9<\/em><\/strong><\/p>\n<p>Le deuxi\u00e8me miracle est la gu\u00e9rison du serviteur d\u2019un Gentil (Matthieu 8.5-13). Dans la pens\u00e9e juive, seuls les l\u00e9preux \u00e9taient plus impurs que les Gentils. Les l\u00e9preux n\u2019avaient pas le droit d\u2019entrer dans J\u00e9rusalem, mais les Gentils ne pouvaient aller plus loin dans le temple que dans la cour ext\u00e9rieure, appel\u00e9e<em> \u00ab cour des Gentils \u00bb<\/em>. Ainsi, ils ne pouvaient adorer Dieu dans le temple. <!--more--><\/p>\n<p>Le centurion, conscient de son indignit\u00e9 aux yeux des Juifs, fit preuve d\u2019une foi exceptionnelle. Comparant l\u2019autorit\u00e9 de J\u00e9sus \u00e0 la sienne \u2013 le centurion \u00e9tait un chef militaire \u2013, il d\u00e9clara que J\u00e9sus n\u2019avait pas besoin de venir dans sa maison pour accomplir ce miracle. Il lui suffisait de donner un ordre et la gu\u00e9rison aurait lieu.<\/p>\n<p>Le centurion fut la premi\u00e8re personne de l\u2019\u00c9vangile de Matthieu \u00e0 comprendre la mesure de l\u2019autorit\u00e9 de J\u00e9sus. Il savait que celui-ci n\u2019avait pas besoin d\u2019\u00eatre pr\u00e9sent pour que sa parole s\u2019accomplisse. Ainsi, il avait autorit\u00e9 non seulement sur la maladie, mais \u00e9galement sur la distance.<\/p>\n<p>J\u00e9sus complimenta le centurion pour sa foi et il saisit cette occasion pour \u00e9voquer une image ch\u00e8re au c\u0153ur des Juifs. Ceux-ci pensaient qu\u2019un grand banquet aurait lieu lors de la venue du Messie et que tous les Juifs se rassembleraient pour cet \u00e9v\u00e9nement. Les Gentils ne devaient pas \u00eatre pr\u00e9sents.<\/p>\n<p>Or, J\u00e9sus modifie cette histoire. D\u2019apr\u00e8s lui, de nombreux Gentils \u2013 ceux <strong><em>\u00ab de l&rsquo;est et de l&rsquo;ouest \u00bb<\/em><\/strong> (verset 11) \u2013 seront au banquet, mais beaucoup de Juifs [\u00ab les fils du Royaume \u00bb] <strong><em>\u00ab seront chass\u00e9s dans les t\u00e9n\u00e8bres du dehors \u00bb<\/em><\/strong> (versets 11,12).<\/p>\n<p>Ainsi, en un instant, J\u00e9sus aborde ici deux th\u00e8mes qui seront r\u00e9currents dans son minist\u00e8re : le salut des Gentils et la situation fragile des Juifs en cas de rejet du Messie.<\/p>\n<p>Ce deuxi\u00e8me miracle est riche de sens pour nous aujourd\u2019hui. Aucun autre texte ne nous propose une meilleure description de l\u2019autorit\u00e9 de J\u00e9sus en relation avec les anges qu\u2019il envoie secourir ceux qui placent leur foi en lui. J\u00e9sus transcende le temps et l\u2019espace pour \u00eatre avec son peuple et le b\u00e9nir. C\u2019est la raison pour laquelle nous pouvons louer Dieu chaque jour. <em>(George Knight &#8211; Tournez les yeux vers J\u00e9sus)<\/em><\/p>\n","protected":false},"excerpt":{"rendered":"<p>L&rsquo;autorit\u00e9 \u00e0 distance \u00ab\u00a0Comme il \u00e9tait entr\u00e9 dans Capharna\u00fcm, un centurion l&rsquo;aborda et le supplia : Seigneur, mon serviteur est couch\u00e9 \u00e0 la maison, paralys\u00e9 et violemment tourment\u00e9. Il lui r\u00e9pondit : Moi, je viendrai le gu\u00e9rir. Le centurion r\u00e9pondit : Seigneur, [\u2026] dis seulement une parole, et mon serviteur sera gu\u00e9ri ! Car je [&hellip;]<\/p>\n","protected":false},"author":4,"featured_media":0,"comment_status":"open","ping_status":"open","sticky":false,"template":"","format":"standard","meta":{"_exactmetrics_skip_tracking":false,"_exactmetrics_sitenote_active":false,"_exactmetrics_sitenote_note":"","_exactmetrics_sitenote_category":0,"footnotes":""},"categories":[15],"tags":[],"_links":{"self":[{"href":"http:\/\/reveiletreforme.adventiste.re\/index.php?rest_route=\/wp\/v2\/posts\/13324"}],"collection":[{"href":"http:\/\/reveiletreforme.adventiste.re\/index.php?rest_route=\/wp\/v2\/posts"}],"about":[{"href":"http:\/\/reveiletreforme.adventiste.re\/index.php?rest_route=\/wp\/v2\/types\/post"}],"author":[{"embeddable":true,"href":"http:\/\/reveiletreforme.adventiste.re\/index.php?rest_route=\/wp\/v2\/users\/4"}],"replies":[{"embeddable":true,"href":"http:\/\/reveiletreforme.adventiste.re\/index.php?rest_route=%2Fwp%2Fv2%2Fcomments&post=13324"}],"version-history":[{"count":1,"href":"http:\/\/reveiletreforme.adventiste.re\/index.php?rest_route=\/wp\/v2\/posts\/13324\/revisions"}],"predecessor-version":[{"id":13325,"href":"http:\/\/reveiletreforme.adventiste.re\/index.php?rest_route=\/wp\/v2\/posts\/13324\/revisions\/13325"}],"wp:attachment":[{"href":"http:\/\/reveiletreforme.adventiste.re\/index.php?rest_route=%2Fwp%2Fv2%2Fmedia&parent=13324"}],"wp:term":[{"taxonomy":"category","embeddable":true,"href":"http:\/\/reveiletreforme.adventiste.re\/index.php?rest_route=%2Fwp%2Fv2%2Fcategories&post=13324"},{"taxonomy":"post_tag","embeddable":true,"href":"http:\/\/reveiletreforme.adventiste.re\/index.php?rest_route=%2Fwp%2Fv2%2Ftags&post=13324"}],"curies":[{"name":"wp","href":"https:\/\/api.w.org\/{rel}","templated":true}]}}