{"id":13337,"date":"2022-03-28T00:28:00","date_gmt":"2022-03-27T20:28:00","guid":{"rendered":"http:\/\/reveiletreforme.adventiste.re\/?p=13337"},"modified":"2022-03-27T16:40:09","modified_gmt":"2022-03-27T12:40:09","slug":"vigile-matinale-du-28-mars-3","status":"publish","type":"post","link":"http:\/\/reveiletreforme.adventiste.re\/?p=13337","title":{"rendered":"Vigile matinale du 28 mars"},"content":{"rendered":"<h4 style=\"text-align: center;\">Qui est J\u00e9sus ?<\/h4>\n<p style=\"text-align: center;\"><strong>\u00ab\u00a0La Parole \u00e9tait la vraie lumi\u00e8re, celle qui \u00e9claire tout humain ; elle venait dans le monde.\u00a0\u00bb <em>Jean 1.9<\/em><\/strong><\/p>\n<p>Durant son minist\u00e8re, J\u00e9sus montra qu\u2019il parlait avec force et qu\u2019il avait toute autorit\u00e9 sur la maladie, la distance, la nature, les forces surnaturelles, le p\u00e9ch\u00e9 et m\u00eame la mort.<!--more--><\/p>\n<p>Mais qui est J\u00e9sus ? Et, plus pr\u00e9cis\u00e9ment, qui est-il pour moi ? Il r\u00e9pondit lui-m\u00eame \u00e0 la question : <em><strong>\u00ab J&rsquo;attirerai tous les hommes \u00e0 moi \u00bb<\/strong><\/em> (Jean 12.32). L\u2019ap\u00f4tre Jean propose une autre r\u00e9ponse, soulignant qu\u2019il est <strong><em>\u00ab la vraie lumi\u00e8re, celle qui \u00e9claire tout humain \u00bb<\/em><\/strong> (Jean 1.9). Les mots <em>\u00ab tous \u00bb<\/em> et <em>\u00ab tout \u00bb<\/em> sont importants dans ces versets. J\u00e9sus n\u2019exer\u00e7a pas seulement une influence sur ceux qu\u2019il rencontra face \u00e0 face durant son minist\u00e8re terrestre. Il ne b\u00e9nit pas uniquement ceux qui l\u2019entendirent pr\u00eacher ou qui furent gu\u00e9ris par lui. Non ! Il attire et \u00e9claire tous les \u00eatres humains qui ont v\u00e9cu, vivent et vivront sur la terre, tous ceux qui sont venus \u00e0 l\u2019existence, qu\u2019ils aient entendu parler du nom de J\u00e9sus ou non. Gr\u00e2ce au Saint-Esprit, il \u00e9claire l\u2019esprit des \u00eatres humains du monde entier, m\u00eame s\u2019ils n\u2019ont jamais re\u00e7u le message de l\u2019\u00c9vangile pr\u00each\u00e9 par un pr\u00e9dicateur humain.<\/p>\n<p><em>\u00ab L\u2019action du Saint-Esprit se manifeste \u00e0 chaque endroit o\u00f9 un c\u0153ur d\u00e9bordant d\u2019amour et de sympathie s\u2019efforce d\u2019\u00eatre en b\u00e9n\u00e9diction aux autres et de les \u00e9difier. Au sein du paganisme, des hommes qui n\u2019avaient pas connaissance de la loi \u00e9crite de Dieu et n\u2019avaient jamais entendu parler de J\u00e9sus t\u00e9moign\u00e8rent de la bont\u00e9 \u00e0 ses serviteurs, allant jusqu\u2019\u00e0 les prot\u00e9ger au p\u00e9ril de leur vie. \u00c0 travers leurs actes, une puissance divine se montrait \u00e0 l\u2019\u0153uvre. Le Saint-Esprit implante ainsi la gr\u00e2ce du Christ dans le c\u0153ur du pa\u00efen, \u00e9veillant en lui des sympathies contraires \u00e0 sa nature et \u00e0 son \u00e9ducation. La lumi\u00e8re qui, en venant dans le monde, \u00e9claire tout homme (Jean 1.9) illumine son \u00e2me et, s\u2019il y prend garde, elle conduira ses pas vers le royaume de Dieu. \u00bb<\/em> (Les paraboles de J\u00e9sus, p. 338)<\/p>\n<p><em>\u00ab Il se peut que ceux qui sont lou\u00e9s par le Christ au jour du jugement ne soient pas tr\u00e8s vers\u00e9s dans les sciences th\u00e9ologiques, mais ils ont cultiv\u00e9 les principes divins. Gr\u00e2ce \u00e0 l\u2019influence de l\u2019Esprit divin, ils ont exerc\u00e9 une action bienfaisante sur leur entourage. [\u2026] Il est des pa\u00efens qui, dans leur ignorance, adorent Dieu bien que la lumi\u00e8re ne leur ait jamais \u00e9t\u00e9 apport\u00e9e par des agents humains ; ils ne p\u00e9riront pas. [\u2026] Leurs \u0153uvres d\u00e9montrent que leurs c\u0153urs ont \u00e9t\u00e9 touch\u00e9s par le Saint-Esprit : aussi sont-ils reconnus comme des enfants de Dieu. \u00bb<\/em> (J\u00e9sus-Christ, p. 640)<\/p>\n<p>Qui est J\u00e9sus ? La lumi\u00e8re du monde, qui a toute autorit\u00e9, qui donc \u00e9claire et attire tous les \u00eatres humains \u00e0 lui. <em>(George Knight &#8211; Tournez les yeux vers J\u00e9sus)<\/em><\/p>\n","protected":false},"excerpt":{"rendered":"<p>Qui est J\u00e9sus ? \u00ab\u00a0La Parole \u00e9tait la vraie lumi\u00e8re, celle qui \u00e9claire tout humain ; elle venait dans le monde.\u00a0\u00bb Jean 1.9 Durant son minist\u00e8re, J\u00e9sus montra qu\u2019il parlait avec force et qu\u2019il avait toute autorit\u00e9 sur la maladie, la distance, la nature, les forces surnaturelles, le p\u00e9ch\u00e9 et m\u00eame la mort.<\/p>\n","protected":false},"author":4,"featured_media":0,"comment_status":"open","ping_status":"open","sticky":false,"template":"","format":"standard","meta":{"_exactmetrics_skip_tracking":false,"_exactmetrics_sitenote_active":false,"_exactmetrics_sitenote_note":"","_exactmetrics_sitenote_category":0,"footnotes":""},"categories":[15],"tags":[],"_links":{"self":[{"href":"http:\/\/reveiletreforme.adventiste.re\/index.php?rest_route=\/wp\/v2\/posts\/13337"}],"collection":[{"href":"http:\/\/reveiletreforme.adventiste.re\/index.php?rest_route=\/wp\/v2\/posts"}],"about":[{"href":"http:\/\/reveiletreforme.adventiste.re\/index.php?rest_route=\/wp\/v2\/types\/post"}],"author":[{"embeddable":true,"href":"http:\/\/reveiletreforme.adventiste.re\/index.php?rest_route=\/wp\/v2\/users\/4"}],"replies":[{"embeddable":true,"href":"http:\/\/reveiletreforme.adventiste.re\/index.php?rest_route=%2Fwp%2Fv2%2Fcomments&post=13337"}],"version-history":[{"count":3,"href":"http:\/\/reveiletreforme.adventiste.re\/index.php?rest_route=\/wp\/v2\/posts\/13337\/revisions"}],"predecessor-version":[{"id":13340,"href":"http:\/\/reveiletreforme.adventiste.re\/index.php?rest_route=\/wp\/v2\/posts\/13337\/revisions\/13340"}],"wp:attachment":[{"href":"http:\/\/reveiletreforme.adventiste.re\/index.php?rest_route=%2Fwp%2Fv2%2Fmedia&parent=13337"}],"wp:term":[{"taxonomy":"category","embeddable":true,"href":"http:\/\/reveiletreforme.adventiste.re\/index.php?rest_route=%2Fwp%2Fv2%2Fcategories&post=13337"},{"taxonomy":"post_tag","embeddable":true,"href":"http:\/\/reveiletreforme.adventiste.re\/index.php?rest_route=%2Fwp%2Fv2%2Ftags&post=13337"}],"curies":[{"name":"wp","href":"https:\/\/api.w.org\/{rel}","templated":true}]}}