{"id":13398,"date":"2022-04-17T00:17:00","date_gmt":"2022-04-16T20:17:00","guid":{"rendered":"http:\/\/reveiletreforme.adventiste.re\/?p=13398"},"modified":"2022-04-16T19:24:32","modified_gmt":"2022-04-16T15:24:32","slug":"vigile-matinale-du-17-avril-3","status":"publish","type":"post","link":"http:\/\/reveiletreforme.adventiste.re\/?p=13398","title":{"rendered":"Vigile matinale du 17 avril"},"content":{"rendered":"<h4 style=\"text-align: center;\">Le sabbat, une gr\u00e2ce pour les hommes<\/h4>\n<p style=\"text-align: center;\"><strong>\u00ab\u00a0Et il leur dit : Le sabbat a \u00e9t\u00e9 fait pour l&rsquo;homme, et non l&rsquo;homme pour le sabbat.\u00a0\u00bb <em>Marc 2.27<\/em><\/strong><\/p>\n<p>Deux grandes v\u00e9rit\u00e9s apparaissent clairement dans les confrontations de J\u00e9sus avec les Juifs sur l\u2019observation du sabbat. La premi\u00e8re se trouve dans le verset d\u2019aujourd\u2019hui :<strong><em> \u00ab Le sabbat a \u00e9t\u00e9 fait pour l&rsquo;homme, et non l&rsquo;homme pour le sabbat \u00bb.<\/em><\/strong><!--more--><\/p>\n<p>Tout d\u2019abord, cette d\u00e9claration souligne que Dieu \u00e9tablit le sabbat pour tous les \u00eatres humains, et pas uniquement pour les Juifs. J\u00e9sus ne d\u00e9clara pas : <em>\u00ab Le sabbat a \u00e9t\u00e9 fait pour les Juifs \u00bb<\/em>. Une lecture m\u00eame rapide de l\u2019Ancien Testament montre la pertinence de l\u2019affirmation de J\u00e9sus. Apr\u00e8s tout, Dieu lui-m\u00eame observa le sabbat \u00e0 la fin de la semaine de la cr\u00e9ation, des ann\u00e9es avant que les Juifs n\u2019existent. Du d\u00e9but \u00e0 la fin, la Bible met en \u00e9vidence l\u2019intention de Dieu : il voulait que le sabbat soit pour l\u2019humanit\u00e9 enti\u00e8re.<\/p>\n<p>Deuxi\u00e8mement, le contexte de la d\u00e9claration de J\u00e9sus selon laquelle <strong><em>\u00ab le sabbat a \u00e9t\u00e9 fait pour l\u2019homme \u00bb<\/em><\/strong> nous aide \u00e0 comprendre pourquoi Dieu avait d\u00e9cid\u00e9 de mettre ce jour \u00e0 part d\u00e8s le commencement. Les Juifs avaient tr\u00e8s mal interpr\u00e9t\u00e9 le sabbat. Ils se concentraient sur ce que les gens pouvaient ou ne pouvaient pas faire le sabbat, \u00e9tablissant trente-neuf cat\u00e9gories de travaux interdits et plus de mille cinq cents r\u00e8gles, essentiellement n\u00e9gatives, sur la fa\u00e7on de l\u2019observer. Ils agissaient comme si Dieu avait d\u2019abord cr\u00e9\u00e9 le sabbat, puis les \u00eatres humains afin qu\u2019ils l\u2019observent.<\/p>\n<p>J\u00e9sus, le Cr\u00e9ateur du sabbat, renversa cette croyance, et avec raison. Les Juifs agissaient comme si le sabbat venait avant toutes choses, comme si Dieu avait cr\u00e9\u00e9 le sabbat et avait besoin de quelqu\u2019un pour l\u2019observer, et donc avait cr\u00e9\u00e9 l\u2019humanit\u00e9 pour remplir ce vide. <strong><em>\u00ab Il n\u2019en est pas ainsi \u00bb<\/em><\/strong>, d\u00e9clara J\u00e9sus. L\u2019ordre m\u00eame de la Cr\u00e9ation met en \u00e9vidence que <em><strong>\u00ab le sabbat a \u00e9t\u00e9 fait pour l&rsquo;homme, et non l&rsquo;homme pour le sabbat \u00bb<\/strong><\/em>. Apr\u00e8s tout, le Seigneur cr\u00e9a les \u00eatres humains le sixi\u00e8me jour et il n\u2019institua le sabbat que le septi\u00e8me jour. D\u00e8s le commencement, Dieu souligna que les \u00eatres humains auraient besoin du sabbat. Ainsi, il trouva le moyen de r\u00e9pondre \u00e0 leurs besoins spirituels, physiques, sociaux et mentaux. Il fit en sorte qu\u2019ils puissent le louer, communier les uns avec les autres, se reposer de leur travail et \u00e9tudier sa Parole. Dieu cr\u00e9a le sabbat pour faire gr\u00e2ce \u00e0 son peuple, \u00e0 son peuple entier, en tout temps.<\/p>\n<p>Ainsi, il est int\u00e9ressant de souligner que le commandement est le seul qui d\u00e9bute par l\u2019expression :<strong><em> \u00ab Souviens-toi \u00bb<\/em><\/strong>. Il savait que les \u00eatres humains \u00e9taient prompts \u00e0 oublier et \u00e0 n\u00e9gliger cette gr\u00e2ce qu\u2019il leur fit pour r\u00e9pondre \u00e0 leurs besoins d\u00e8s le commencement de l\u2019histoire de l\u2019humanit\u00e9. <em>( George Knight &#8211; Tournez les yeux vers J\u00e9sus )<\/em><\/p>\n","protected":false},"excerpt":{"rendered":"<p>Le sabbat, une gr\u00e2ce pour les hommes \u00ab\u00a0Et il leur dit : Le sabbat a \u00e9t\u00e9 fait pour l&rsquo;homme, et non l&rsquo;homme pour le sabbat.\u00a0\u00bb Marc 2.27 Deux grandes v\u00e9rit\u00e9s apparaissent clairement dans les confrontations de J\u00e9sus avec les Juifs sur l\u2019observation du sabbat. La premi\u00e8re se trouve dans le verset d\u2019aujourd\u2019hui : \u00ab Le [&hellip;]<\/p>\n","protected":false},"author":4,"featured_media":0,"comment_status":"open","ping_status":"open","sticky":false,"template":"","format":"standard","meta":{"_exactmetrics_skip_tracking":false,"_exactmetrics_sitenote_active":false,"_exactmetrics_sitenote_note":"","_exactmetrics_sitenote_category":0,"footnotes":""},"categories":[15],"tags":[],"_links":{"self":[{"href":"http:\/\/reveiletreforme.adventiste.re\/index.php?rest_route=\/wp\/v2\/posts\/13398"}],"collection":[{"href":"http:\/\/reveiletreforme.adventiste.re\/index.php?rest_route=\/wp\/v2\/posts"}],"about":[{"href":"http:\/\/reveiletreforme.adventiste.re\/index.php?rest_route=\/wp\/v2\/types\/post"}],"author":[{"embeddable":true,"href":"http:\/\/reveiletreforme.adventiste.re\/index.php?rest_route=\/wp\/v2\/users\/4"}],"replies":[{"embeddable":true,"href":"http:\/\/reveiletreforme.adventiste.re\/index.php?rest_route=%2Fwp%2Fv2%2Fcomments&post=13398"}],"version-history":[{"count":1,"href":"http:\/\/reveiletreforme.adventiste.re\/index.php?rest_route=\/wp\/v2\/posts\/13398\/revisions"}],"predecessor-version":[{"id":13399,"href":"http:\/\/reveiletreforme.adventiste.re\/index.php?rest_route=\/wp\/v2\/posts\/13398\/revisions\/13399"}],"wp:attachment":[{"href":"http:\/\/reveiletreforme.adventiste.re\/index.php?rest_route=%2Fwp%2Fv2%2Fmedia&parent=13398"}],"wp:term":[{"taxonomy":"category","embeddable":true,"href":"http:\/\/reveiletreforme.adventiste.re\/index.php?rest_route=%2Fwp%2Fv2%2Fcategories&post=13398"},{"taxonomy":"post_tag","embeddable":true,"href":"http:\/\/reveiletreforme.adventiste.re\/index.php?rest_route=%2Fwp%2Fv2%2Ftags&post=13398"}],"curies":[{"name":"wp","href":"https:\/\/api.w.org\/{rel}","templated":true}]}}