{"id":13430,"date":"2022-04-27T00:27:00","date_gmt":"2022-04-26T20:27:00","guid":{"rendered":"http:\/\/reveiletreforme.adventiste.re\/?p=13430"},"modified":"2022-04-26T20:56:27","modified_gmt":"2022-04-26T16:56:27","slug":"vigile-matinale-du-27-avril-3","status":"publish","type":"post","link":"http:\/\/reveiletreforme.adventiste.re\/?p=13430","title":{"rendered":"Vigile matinale du 27 avril"},"content":{"rendered":"<h4 style=\"text-align: center;\">Le danger d\u2019une religion n\u00e9gative<\/h4>\n<p style=\"text-align: center;\"><strong>\u00ab\u00a0Lorsque l&rsquo;esprit impur est sorti de l&rsquo;\u00eatre humain, il passe par des lieux arides, cherche du repos et n&rsquo;en trouve pas. Alors il se dit : \u00ab Je vais retourner dans ma maison, celle d&rsquo;o\u00f9 je suis sorti. \u00bb Quand il arrive, il la trouve vide, balay\u00e9e et orn\u00e9e. Alors, il s&rsquo;en va chercher sept autres esprits plus mauvais que lui ; ils entrent l\u00e0 et s&rsquo;installent, et la condition derni\u00e8re de cet homme-l\u00e0 est pire que la premi\u00e8re. Il en sera de m\u00eame pour cette g\u00e9n\u00e9ration mauvaise.\u00a0\u00bb <em>Matthieu 12.43-45<\/em><\/strong><\/p>\n<p>Le christianisme n\u2019est pas une religion n\u00e9gative. Nous ne serons pas sauv\u00e9s gr\u00e2ce \u00e0 ce que nous aurons arr\u00eat\u00e9 de faire.<!--more--><\/p>\n<p>Voil\u00e0 la le\u00e7on enseign\u00e9e par J\u00e9sus dans Matthieu 12.43-45. Cette conclusion de J\u00e9sus s\u2019adressait aux chefs juifs hostiles \u00e0 ses paroles. Selon les crit\u00e8res humains, ces gens \u00e9taient tout \u00e0 fait honorables. Ils \u00e9taient pr\u00eats \u00e0 renoncer \u00e0 tous les plaisirs au nom de leur religion. Ils avaient m\u00eame \u00e9tabli une longue liste de choses interdites, et ils la respectaient afin de purifier leur vie.<\/p>\n<p>D\u2019une certaine fa\u00e7on, ils avaient nettoy\u00e9 et rang\u00e9 leur maison. Pourtant, quelques versets auparavant, nous constatons qu\u2019ils avaient complot\u00e9 pour faire mourir J\u00e9sus (verset 4). En affirmant que celui-ci \u00e9tait inspir\u00e9 par le diable (verset 27), ils avaient commis un p\u00e9ch\u00e9 impardonnable (versets 31 et 32).<\/p>\n<p>Pourtant, ces hommes \u00e9taient respectables. Ils allaient \u00e0 la synagogue tous les sabbats, ils donnaient scrupuleusement leur d\u00eeme et ils refusaient de manger des aliments malsains. Cependant, J\u00e9sus souligne qu\u2019ils avaient un v\u00e9ritable probl\u00e8me : ils avaient d\u00e9barrass\u00e9 leur vie de tout ce qui \u00e9tait mauvais, mais ils n\u2019avaient pas laiss\u00e9 Dieu la remplir de choses positives. Par cons\u00e9quent, ils \u00e9taient d\u00e9sormais habit\u00e9s par un esprit mauvais \u2013 voire m\u00eame sept esprits \u2013, et ils \u00e9taient plus imparfaits que jamais, parce qu\u2019il n\u2019est pas de p\u00e9ch\u00e9 plus trompeur que le p\u00e9ch\u00e9 de la bont\u00e9 et de l\u2019orgueil dans le domaine religieux. Nous avons parmi nous certaines personnes qui sont ainsi. Un jour, j\u2019ai rencontr\u00e9 un membre d\u2019\u00c9glise incroyablement hypocrite qui \u00e9tait pire que le diable. J\u2019ai \u00e9galement rencontr\u00e9 un v\u00e9g\u00e9talien qui \u00e9tait bien plus nuisible que le diable.<\/p>\n<p>Le but du christianisme n\u2019est pas tant de se d\u00e9barrasser du diable \u2013 c\u2019est certainement important, mais ce n\u2019est qu\u2019un pr\u00e9liminaire, que de laisser l\u2019Esprit de Dieu produire du fruit dans notre vie. L\u2019objectif de Dieu pour nous est de nous permettre de mener une vie abondante et positive, et non vide et n\u00e9gative. <strong><em>\u00ab Quant au fruit de l&rsquo;Esprit, c&rsquo;est : amour, joie, paix, patience, bont\u00e9, bienveillance, foi, douceur, ma\u00eetrise de soi ; aucune loi n&rsquo;est contre de telles choses. \u00bb<\/em> <\/strong>(Galates 5.22-23.)<\/p>\n<p>Le christianisme est une religion positive, et non n\u00e9gative. Il consiste \u00e0 vivre dans la pl\u00e9nitude de l\u2019Esprit, plut\u00f4t que dans le vide du diable. <em>( George Knight &#8211; Tournez les yeux vers J\u00e9sus )<\/em><\/p>\n","protected":false},"excerpt":{"rendered":"<p>Le danger d\u2019une religion n\u00e9gative \u00ab\u00a0Lorsque l&rsquo;esprit impur est sorti de l&rsquo;\u00eatre humain, il passe par des lieux arides, cherche du repos et n&rsquo;en trouve pas. Alors il se dit : \u00ab Je vais retourner dans ma maison, celle d&rsquo;o\u00f9 je suis sorti. \u00bb Quand il arrive, il la trouve vide, balay\u00e9e et orn\u00e9e. Alors, [&hellip;]<\/p>\n","protected":false},"author":4,"featured_media":0,"comment_status":"open","ping_status":"open","sticky":false,"template":"","format":"standard","meta":{"_exactmetrics_skip_tracking":false,"_exactmetrics_sitenote_active":false,"_exactmetrics_sitenote_note":"","_exactmetrics_sitenote_category":0,"footnotes":""},"categories":[15],"tags":[],"_links":{"self":[{"href":"http:\/\/reveiletreforme.adventiste.re\/index.php?rest_route=\/wp\/v2\/posts\/13430"}],"collection":[{"href":"http:\/\/reveiletreforme.adventiste.re\/index.php?rest_route=\/wp\/v2\/posts"}],"about":[{"href":"http:\/\/reveiletreforme.adventiste.re\/index.php?rest_route=\/wp\/v2\/types\/post"}],"author":[{"embeddable":true,"href":"http:\/\/reveiletreforme.adventiste.re\/index.php?rest_route=\/wp\/v2\/users\/4"}],"replies":[{"embeddable":true,"href":"http:\/\/reveiletreforme.adventiste.re\/index.php?rest_route=%2Fwp%2Fv2%2Fcomments&post=13430"}],"version-history":[{"count":1,"href":"http:\/\/reveiletreforme.adventiste.re\/index.php?rest_route=\/wp\/v2\/posts\/13430\/revisions"}],"predecessor-version":[{"id":13431,"href":"http:\/\/reveiletreforme.adventiste.re\/index.php?rest_route=\/wp\/v2\/posts\/13430\/revisions\/13431"}],"wp:attachment":[{"href":"http:\/\/reveiletreforme.adventiste.re\/index.php?rest_route=%2Fwp%2Fv2%2Fmedia&parent=13430"}],"wp:term":[{"taxonomy":"category","embeddable":true,"href":"http:\/\/reveiletreforme.adventiste.re\/index.php?rest_route=%2Fwp%2Fv2%2Fcategories&post=13430"},{"taxonomy":"post_tag","embeddable":true,"href":"http:\/\/reveiletreforme.adventiste.re\/index.php?rest_route=%2Fwp%2Fv2%2Ftags&post=13430"}],"curies":[{"name":"wp","href":"https:\/\/api.w.org\/{rel}","templated":true}]}}