{"id":13432,"date":"2022-04-28T00:28:00","date_gmt":"2022-04-27T20:28:00","guid":{"rendered":"http:\/\/reveiletreforme.adventiste.re\/?p=13432"},"modified":"2022-04-27T21:50:49","modified_gmt":"2022-04-27T17:50:49","slug":"vigile-matinale-du-28-avril-3","status":"publish","type":"post","link":"http:\/\/reveiletreforme.adventiste.re\/?p=13432","title":{"rendered":"Vigile matinale du 28 avril"},"content":{"rendered":"<h4 style=\"text-align: center;\">J\u00e9sus : sain d\u2019esprit ou d\u00e9ment ?<\/h4>\n<p style=\"text-align: center;\"><strong>\u00ab\u00a0Puis il revient \u00e0 la maison, et la foule se rassemble encore : ils ne pouvaient pas m\u00eame manger. \u00c0 cette nouvelle, les gens de sa parent\u00e9 sortirent pour se saisir de lui, car ils disaient : Il a perdu la raison.\u00a0\u00bb <em>Marc 3.19-21<\/em><\/strong><\/p>\n<p>Ce doit \u00eatre compliqu\u00e9 quand m\u00eame votre famille consid\u00e8re que vous avez perdu la raison. On ne peut s\u2019emp\u00eacher de se demander comment la famille de J\u00e9sus a pu en arriver \u00e0 le penser.<!--more--><\/p>\n<p>En r\u00e9fl\u00e9chissant bien, ce n\u2019est pas si \u00e9tonnant. En effet, J\u00e9sus avait renonc\u00e9 \u00e0 un emploi probablement bien r\u00e9mun\u00e9r\u00e9 de charpentier \u00e0 Nazareth. Dans quel but ? Devenir un enseignant itin\u00e9rant manifestement incapable de gagner sa vie.<\/p>\n<p>Deuxi\u00e8mement, il semblait clair que J\u00e9sus ne deviendrait pas un grand homme politique. En effet, il \u00e9tait en conflit \u00e0 la fois avec les chefs religieux et les chefs civils de la nation. Or, apparemment, il ne s&rsquo;en souciait pas.<\/p>\n<p>Troisi\u00e8mement, J\u00e9sus s\u2019\u00e9tait entour\u00e9 d\u2019un petit groupe plut\u00f4t h\u00e9t\u00e9roclite : des p\u00eacheurs, un collecteur d\u2019imp\u00f4ts qui s\u2019\u00e9tait converti, un nationaliste fanatique&#8230; Autrement dit, des gens peu recommandables. On ne s\u2019entoure pas de ce type de personnes quand on veut exercer une influence sur la soci\u00e9t\u00e9.<\/p>\n<p>La famille de J\u00e9sus ne pouvait qu\u2019en conclure que, malgr\u00e9 ses nombreuses qualit\u00e9s, il n\u2019\u00e9tait plus en phase avec la r\u00e9alit\u00e9. Bien plus encore, sa fa\u00e7on d\u2019agir le mettait en danger, mais aussi tous ses proches. Ainsi, ils essay\u00e8rent de trouver un moyen de le contr\u00f4ler afin de lui \u00e9pargner des probl\u00e8mes. Du point de vue de J\u00e9sus, on peut se demander si ce n\u2019est pas en raison de ces \u00e9v\u00e9nements qu\u2019il d\u00e9clara : <strong><em>\u00ab L&rsquo;homme aura pour ennemis les gens de sa maison \u00bb<\/em><\/strong> (Matthieu 10.36).<\/p>\n<p>Que signifie cet \u00e9pisode pour nous aujourd\u2019hui ? Il rev\u00eat un sens particuli\u00e8rement important. Les responsables civils, voire m\u00eame parfois religieux de ce monde, consid\u00e8rent souvent que tous ceux qui se consacrent pleinement \u00e0 une cause spirituelle ou philanthropique ont perdu la raison. J. D. Jones \u00e9crivit : <em>\u00ab Le monde honore l\u2019homme qui, au nom de la c\u00e9l\u00e9brit\u00e9, risque sa vie en luttant. Mais si un homme risque sa vie pour les \u00e2mes au nom desquelles le Christ est mort, il le consid\u00e8re comme un fou. \u00bb<\/em> Halford Luccock ajoute : <em>\u00ab Il est fou ! C&rsquo;\u00e9tait l\u2019hommage rendu au fil de l\u2019histoire du christianisme \u00e0 ceux qui servent non pas deux ma\u00eetres, mais un seul. Paul eut droit \u00e0 cette distinction pour service rendu \u00e0 la nation. Festus s\u2019\u00e9cria en effet : Tu es fou, Paul ! \u00bb<\/em> (Actes 26.24).<\/p>\n<p>Qu\u2019en est-il de nous ?<\/p>\n<p>Sommes-nous fous ou sommes-nous tout simplement des membres d\u2019\u00c9glise ordinaires ? <em>( George Knight &#8211; Tournez les yeux vers J\u00e9sus )<\/em><\/p>\n","protected":false},"excerpt":{"rendered":"<p>J\u00e9sus : sain d\u2019esprit ou d\u00e9ment ? \u00ab\u00a0Puis il revient \u00e0 la maison, et la foule se rassemble encore : ils ne pouvaient pas m\u00eame manger. \u00c0 cette nouvelle, les gens de sa parent\u00e9 sortirent pour se saisir de lui, car ils disaient : Il a perdu la raison.\u00a0\u00bb Marc 3.19-21 Ce doit \u00eatre compliqu\u00e9 [&hellip;]<\/p>\n","protected":false},"author":4,"featured_media":0,"comment_status":"open","ping_status":"open","sticky":false,"template":"","format":"standard","meta":{"_exactmetrics_skip_tracking":false,"_exactmetrics_sitenote_active":false,"_exactmetrics_sitenote_note":"","_exactmetrics_sitenote_category":0,"footnotes":""},"categories":[15],"tags":[],"_links":{"self":[{"href":"http:\/\/reveiletreforme.adventiste.re\/index.php?rest_route=\/wp\/v2\/posts\/13432"}],"collection":[{"href":"http:\/\/reveiletreforme.adventiste.re\/index.php?rest_route=\/wp\/v2\/posts"}],"about":[{"href":"http:\/\/reveiletreforme.adventiste.re\/index.php?rest_route=\/wp\/v2\/types\/post"}],"author":[{"embeddable":true,"href":"http:\/\/reveiletreforme.adventiste.re\/index.php?rest_route=\/wp\/v2\/users\/4"}],"replies":[{"embeddable":true,"href":"http:\/\/reveiletreforme.adventiste.re\/index.php?rest_route=%2Fwp%2Fv2%2Fcomments&post=13432"}],"version-history":[{"count":1,"href":"http:\/\/reveiletreforme.adventiste.re\/index.php?rest_route=\/wp\/v2\/posts\/13432\/revisions"}],"predecessor-version":[{"id":13433,"href":"http:\/\/reveiletreforme.adventiste.re\/index.php?rest_route=\/wp\/v2\/posts\/13432\/revisions\/13433"}],"wp:attachment":[{"href":"http:\/\/reveiletreforme.adventiste.re\/index.php?rest_route=%2Fwp%2Fv2%2Fmedia&parent=13432"}],"wp:term":[{"taxonomy":"category","embeddable":true,"href":"http:\/\/reveiletreforme.adventiste.re\/index.php?rest_route=%2Fwp%2Fv2%2Fcategories&post=13432"},{"taxonomy":"post_tag","embeddable":true,"href":"http:\/\/reveiletreforme.adventiste.re\/index.php?rest_route=%2Fwp%2Fv2%2Ftags&post=13432"}],"curies":[{"name":"wp","href":"https:\/\/api.w.org\/{rel}","templated":true}]}}