{"id":13521,"date":"2022-06-01T00:01:00","date_gmt":"2022-05-31T20:01:00","guid":{"rendered":"http:\/\/reveiletreforme.adventiste.re\/?p=13521"},"modified":"2022-05-31T20:27:03","modified_gmt":"2022-05-31T16:27:03","slug":"vigile-matinale-du-1er-juin-3","status":"publish","type":"post","link":"http:\/\/reveiletreforme.adventiste.re\/?p=13521","title":{"rendered":"Vigile matinale du 1er juin"},"content":{"rendered":"<h4 style=\"text-align: center;\">Attention \u00e0 ne pas prier pour soi-m\u00eame<\/h4>\n<p style=\"text-align: center;\"><strong>\u00ab\u00a0Deux hommes mont\u00e8rent au temple pour prier ; l&rsquo;un \u00e9tait Pharisien, et l&rsquo;autre collecteur des taxes. Le Pharisien, debout, priait ainsi en lui-m\u00eame : \u00ab \u00d4 Dieu, je te rends gr\u00e2ce de ce que je ne suis pas comme le reste des hommes, qui sont rapaces, injustes, adult\u00e8res, ou encore comme ce collecteur des taxes : je je\u00fbne deux fois la semaine, je donne la d\u00eeme de tous mes revenus. \u00bb. Le collecteur des taxes, lui, se tenait \u00e0 distance ; il n&rsquo;osait m\u00eame pas lever les yeux au ciel, mais il se frappait la poitrine et disait : \u00ab \u00d4 Dieu, prends en piti\u00e9 le p\u00e9cheur que je suis ! \u00bb. Eh bien, je vous le dis, c&rsquo;est celui-ci qui redescendit chez lui justifi\u00e9, plut\u00f4t que celui-l\u00e0. Car quiconque s&rsquo;\u00e9l\u00e8ve sera abaiss\u00e9, mais celui qui s&rsquo;abaisse sera \u00e9lev\u00e9.\u00a0\u00bb <em>Luc 18.10-14<\/em><\/strong><\/p>\n<p>Rien de tel que de prier pour soi-m\u00eame, sur soi-m\u00eame ! Bien s\u00fbr, tout ce que le Pharisien d\u00e9clara \u00e9tait vrai. En effet, il je\u00fbnait. Il donnait toujours sa d\u00eeme. Il ne ressemblait pas aux autres hommes et certainement pas \u00e0 ce collecteur de taxes modeste et malheureux.<!--more--><\/p>\n<p>En fait, le Pharisien \u00e9tait un homme respectable et il le savait. En priant ainsi, il voulait \u00eatre s\u00fbr que Dieu le sache aussi. Alors, il t\u00e9moigna lui-m\u00eame de sa justice, de sa fid\u00e9lit\u00e9 envers l\u2019\u00c9glise, etc. Il me rappelle le rabbin Simeon ben Jochai, qui d\u00e9clara un jour : <em>\u00ab S\u2019il y a deux hommes juste s dans le monde, il s\u2019agit de moi et de mon fils. S\u2019il n\u2019y en a qu\u2019un, c\u2019est moi ! \u00bb.<\/em> Finalement, le Pharisien de la parabole ne voulait pas vraiment prier, mais surtout rappeler \u00e0 Dieu \u00e0 quel point il \u00e9tait estimable. William Barclay \u00e9crivit : <em>\u00ab La question n\u2019est pas : Suis-je aussi bon que les autres ? La question qui se pose est : Suis-je aussi bon que Dieu ? Quand nous nous comparons \u00e0 Dieu, la seule chose que nous pouvons dire, c\u2019est : Dieu, sois mis\u00e9ricordieux \u00e0 mon \u00e9gard, je ne suis qu\u2019un p\u00e9cheur ! \u00bb.<\/em> C\u2019est ainsi que le collecteur des taxes pria. Il est int\u00e9ressant de noter qu\u2019il dit : <em>\u00ab le p\u00e9cheur \u00bb<\/em>, et non<em> \u00ab un p\u00e9cheur \u00bb<\/em>. Il \u00e9tait tout \u00e0 fait conscient de ses fautes personnelles et de ses manquements. Il se confessa \u00e0 Dieu du plus profond de son c\u0153ur meurtri.<br \/>\nC\u2019est l\u00e0 le miracle de la gr\u00e2ce. Ce n\u2019est pas notre fiert\u00e9 personnelle ou nos qualit\u00e9s qui comptent avec Dieu, mais plut\u00f4t la prise de conscience de ce qu\u2019est r\u00e9ellement notre vie \u00e0 la lumi\u00e8re de sa Parole et de son caract\u00e8re.<\/p>\n<p><em><strong>\u00ab Si nous reconnaissons nos p\u00e9ch\u00e9s, il est juste et digne de confiance : il nous pardonnera nos p\u00e9ch\u00e9s et nous purifiera de toute injustice. \u00bb<\/strong><\/em> (1 Jean 1.9.) <em><strong>\u00ab C&rsquo;est par la gr\u00e2ce, en effet, que vous \u00eates sauv\u00e9s au moyen de la foi. Cela ne vient pas de vous, c&rsquo;est le don de Dieu. Ce n&rsquo;est pas en vertu des \u0153uvres, pour que personne ne puisse faire le fier. \u00bb<\/strong><\/em> (\u00c9ph\u00e9siens 2.8-9.)<\/p>\n<p>Pr\u00eatons donc attention \u00e0 la pr\u00e9cision apport\u00e9e par J\u00e9sus : il raconta cette parabole <strong><em>\u00ab pour certains, qui \u00e9taient persuad\u00e9s d&rsquo;\u00eatre des justes et qui m\u00e9prisaient les autres \u00bb<\/em><\/strong> (Luc 18.9). <em>( George Knight &#8211; Tournez les yeux vers J\u00e9sus )<\/em><\/p>\n","protected":false},"excerpt":{"rendered":"<p>Attention \u00e0 ne pas prier pour soi-m\u00eame \u00ab\u00a0Deux hommes mont\u00e8rent au temple pour prier ; l&rsquo;un \u00e9tait Pharisien, et l&rsquo;autre collecteur des taxes. Le Pharisien, debout, priait ainsi en lui-m\u00eame : \u00ab \u00d4 Dieu, je te rends gr\u00e2ce de ce que je ne suis pas comme le reste des hommes, qui sont rapaces, injustes, adult\u00e8res, [&hellip;]<\/p>\n","protected":false},"author":4,"featured_media":0,"comment_status":"open","ping_status":"open","sticky":false,"template":"","format":"standard","meta":{"_exactmetrics_skip_tracking":false,"_exactmetrics_sitenote_active":false,"_exactmetrics_sitenote_note":"","_exactmetrics_sitenote_category":0,"footnotes":""},"categories":[15],"tags":[],"_links":{"self":[{"href":"http:\/\/reveiletreforme.adventiste.re\/index.php?rest_route=\/wp\/v2\/posts\/13521"}],"collection":[{"href":"http:\/\/reveiletreforme.adventiste.re\/index.php?rest_route=\/wp\/v2\/posts"}],"about":[{"href":"http:\/\/reveiletreforme.adventiste.re\/index.php?rest_route=\/wp\/v2\/types\/post"}],"author":[{"embeddable":true,"href":"http:\/\/reveiletreforme.adventiste.re\/index.php?rest_route=\/wp\/v2\/users\/4"}],"replies":[{"embeddable":true,"href":"http:\/\/reveiletreforme.adventiste.re\/index.php?rest_route=%2Fwp%2Fv2%2Fcomments&post=13521"}],"version-history":[{"count":1,"href":"http:\/\/reveiletreforme.adventiste.re\/index.php?rest_route=\/wp\/v2\/posts\/13521\/revisions"}],"predecessor-version":[{"id":13522,"href":"http:\/\/reveiletreforme.adventiste.re\/index.php?rest_route=\/wp\/v2\/posts\/13521\/revisions\/13522"}],"wp:attachment":[{"href":"http:\/\/reveiletreforme.adventiste.re\/index.php?rest_route=%2Fwp%2Fv2%2Fmedia&parent=13521"}],"wp:term":[{"taxonomy":"category","embeddable":true,"href":"http:\/\/reveiletreforme.adventiste.re\/index.php?rest_route=%2Fwp%2Fv2%2Fcategories&post=13521"},{"taxonomy":"post_tag","embeddable":true,"href":"http:\/\/reveiletreforme.adventiste.re\/index.php?rest_route=%2Fwp%2Fv2%2Ftags&post=13521"}],"curies":[{"name":"wp","href":"https:\/\/api.w.org\/{rel}","templated":true}]}}