{"id":15377,"date":"2024-05-19T00:19:00","date_gmt":"2024-05-18T20:19:00","guid":{"rendered":"http:\/\/reveiletreforme.adventiste.re\/?p=15377"},"modified":"2024-05-18T21:03:36","modified_gmt":"2024-05-18T17:03:36","slug":"vigile-matinale-du-19-mai-5","status":"publish","type":"post","link":"http:\/\/reveiletreforme.adventiste.re\/?p=15377","title":{"rendered":"Vigile matinale du 19 Mai"},"content":{"rendered":"<h4 style=\"text-align: center;\">Nous pouvons parler pour Dieu<\/h4>\n<div style=\"text-align: center;\"><strong>\u00ab\u00a0C&rsquo;est pourquoi ainsi a dit l&rsquo;\u00c9ternel: Si tu reviens, je te ram\u00e8nerai: tu te tiendras devant moi; et si tu s\u00e9pares ce qui est pr\u00e9cieux de ce qui est vil, tu seras ma bouche; ils se tourneront vers toi, et tu ne te tourneras pas vers eux.\u00a0\u00bb <em>(J\u00e9r\u00e9mie 15:19)<\/em><\/strong><\/div>\n<div>\u00a0<\/div>\n<div>Pauvre J\u00e9r\u00e9mie! Et cependant, pourquoi pauvre? Le proph\u00e8te qui pleure \u00e9tait un serviteur de choix et honor\u00e9 de Dieu au-dessus de plusieurs. Mais, parce qu&rsquo;il disait la v\u00e9rit\u00e9, il \u00e9tait d\u00e9test\u00e9. La parole, si douce pour lui, \u00e9tait am\u00e8re pour ses auditeurs; pourtant il \u00e9tait accept\u00e9 de Dieu. Il lui \u00e9tait command\u00e9 de demeurer dans la fid\u00e9lit\u00e9; et \u00e0 cette seule condition le Seigneur continuerait de parler par lui. Il devait agir avec hardiesse et dans la v\u00e9rit\u00e9 avec les hommes de son temps, afin de s\u00e9parer parmi eux ceux qui voulaient marcher avec Dieu et ob\u00e9ir \u00e0 ses ordres, de ceux qui s&rsquo;opposaient \u00e0 ses prescriptions. Le Seigneur l&rsquo;encourageait en lui promettant qu&rsquo;il serait sa bouche.<\/div>\n<p><!--more--><\/p>\n\n\n<p>Quel bonheur! Tout pr\u00e9dicateur et tout croyant ne le convoite-t-il pas? Dieu parler par nous? Quelle merveille! Notre parole sera s\u00fbre, vraie, pure: elle sera puissante. Elle ne retournera pas sans effet; mais elle sera b\u00e9nie pour ceux qui la recevront, et ceux qui la repousseront le feront \u00e0 leurs risques. Nous en nourrirons plusieurs; nous r\u00e9veillerons celui qui dort, et appellerons les morts \u00e0 la vie.<\/p>\n\n\n\n<p>Que cette promesse soit pour toi et pour tous les serviteurs du Seigneur! <\/p>\n\n\n\n<p><em>(\u00ab\u00a0Les Tr\u00e9sors de la Foi\u00a0\u00bb est un recueil de 366 m\u00e9ditations bibliques de Charles Spurgeon.)<\/em><\/p>\n","protected":false},"excerpt":{"rendered":"<p>Nous pouvons parler pour Dieu \u00ab\u00a0C&rsquo;est pourquoi ainsi a dit l&rsquo;\u00c9ternel: Si tu reviens, je te ram\u00e8nerai: tu te tiendras devant moi; et si tu s\u00e9pares ce qui est pr\u00e9cieux de ce qui est vil, tu seras ma bouche; ils se tourneront vers toi, et tu ne te tourneras pas vers eux.\u00a0\u00bb (J\u00e9r\u00e9mie 15:19) \u00a0 [&hellip;]<\/p>\n","protected":false},"author":4,"featured_media":0,"comment_status":"open","ping_status":"open","sticky":false,"template":"","format":"standard","meta":{"_exactmetrics_skip_tracking":false,"_exactmetrics_sitenote_active":false,"_exactmetrics_sitenote_note":"","_exactmetrics_sitenote_category":0,"footnotes":""},"categories":[15],"tags":[],"_links":{"self":[{"href":"http:\/\/reveiletreforme.adventiste.re\/index.php?rest_route=\/wp\/v2\/posts\/15377"}],"collection":[{"href":"http:\/\/reveiletreforme.adventiste.re\/index.php?rest_route=\/wp\/v2\/posts"}],"about":[{"href":"http:\/\/reveiletreforme.adventiste.re\/index.php?rest_route=\/wp\/v2\/types\/post"}],"author":[{"embeddable":true,"href":"http:\/\/reveiletreforme.adventiste.re\/index.php?rest_route=\/wp\/v2\/users\/4"}],"replies":[{"embeddable":true,"href":"http:\/\/reveiletreforme.adventiste.re\/index.php?rest_route=%2Fwp%2Fv2%2Fcomments&post=15377"}],"version-history":[{"count":2,"href":"http:\/\/reveiletreforme.adventiste.re\/index.php?rest_route=\/wp\/v2\/posts\/15377\/revisions"}],"predecessor-version":[{"id":15379,"href":"http:\/\/reveiletreforme.adventiste.re\/index.php?rest_route=\/wp\/v2\/posts\/15377\/revisions\/15379"}],"wp:attachment":[{"href":"http:\/\/reveiletreforme.adventiste.re\/index.php?rest_route=%2Fwp%2Fv2%2Fmedia&parent=15377"}],"wp:term":[{"taxonomy":"category","embeddable":true,"href":"http:\/\/reveiletreforme.adventiste.re\/index.php?rest_route=%2Fwp%2Fv2%2Fcategories&post=15377"},{"taxonomy":"post_tag","embeddable":true,"href":"http:\/\/reveiletreforme.adventiste.re\/index.php?rest_route=%2Fwp%2Fv2%2Ftags&post=15377"}],"curies":[{"name":"wp","href":"https:\/\/api.w.org\/{rel}","templated":true}]}}