{"id":15382,"date":"2024-05-21T00:21:00","date_gmt":"2024-05-20T20:21:00","guid":{"rendered":"http:\/\/reveiletreforme.adventiste.re\/?p=15382"},"modified":"2024-05-20T19:54:59","modified_gmt":"2024-05-20T15:54:59","slug":"vigile-matinale-du-21-mai-5","status":"publish","type":"post","link":"http:\/\/reveiletreforme.adventiste.re\/?p=15382","title":{"rendered":"Vigile matinale du 21 Mai"},"content":{"rendered":"<h4 style=\"text-align: center;\">Pluie sans nuages?<\/h4>\n<div style=\"text-align: center;\"><strong>\u00ab\u00a0Quand les nu\u00e9es sont pleines, elles r\u00e9pandent de la pluie sur la terre; et quand un arbre tombe, au midi, ou au nord, au lieu o\u00f9 l&rsquo;arbre est tomb\u00e9, il demeure.\u00a0\u00bb <em>(Eccl\u00e9siaste 11:3)<\/em><\/strong><\/div>\n<div>\u00a0<\/div>\n<div>Jamais! Pourquoi craindre les nuages qui viennent noircir notre ciel? Ils nous cachent le soleil un moment, mais ne peuvent l&rsquo;\u00e9teindre, et nous le verrons briller dans peu. Ces nuages sombres ont charg\u00e9s de pluie, et plus ils sont noirs, plus abondantes seront les ond\u00e9es qui s&rsquo;en \u00e9chapperont. Comment avoir de la pluie sans nuages?<\/div>\n<p><!--more--><\/p>\n\n\n<p>Nos peines nous ont chaque fois amen\u00e9 des b\u00e9n\u00e9dictions et le feront toujours. Elles sont les sombres messagers de gr\u00e2ces bienfaisantes. Avant peu, ces nu\u00e9es auront vers\u00e9 leur contenu, et l&rsquo;herbe tendre se r\u00e9jouira sous cette pluie fra\u00eeche. Notre Dieu peut nous abreuver de chagrin, mais il ne nous noiera pas dans sa col\u00e8re: il nous rafra\u00eechira plut\u00f4t de sa mis\u00e9ricorde. Les messages d&rsquo;amour, souvent nous arrivent sous enveloppes \u00e0 bords noirs, et si ses chariots grondent parfois sourdement, ils sont charg\u00e9s de bienfaits. Sa verge bourgeonne de fleurs suaves, et de fruits exquis. Ne nous tourmentons pas du ciel noir, mais chantons plut\u00f4t, car les ond\u00e9es d&rsquo;avril nous apportent les fleurs de mai.<\/p>\n\n\n\n<p>Seigneur! Les nu\u00e9es sont la poussi\u00e8re de tes pieds. Au jour sombre et couvert, tu es pr\u00e8s de nous. L&rsquo;amour te contemple et se r\u00e9jouit. La foi voit les nuages se d\u00e9chargeant et faisant reverdir les collines et les plaines. <\/p>\n\n\n\n<p><em>(\u00ab\u00a0Les Tr\u00e9sors de la Foi\u00a0\u00bb est un recueil de 366 m\u00e9ditations bibliques de Charles Spurgeon.)<\/em><\/p>\n","protected":false},"excerpt":{"rendered":"<p>Pluie sans nuages? \u00ab\u00a0Quand les nu\u00e9es sont pleines, elles r\u00e9pandent de la pluie sur la terre; et quand un arbre tombe, au midi, ou au nord, au lieu o\u00f9 l&rsquo;arbre est tomb\u00e9, il demeure.\u00a0\u00bb (Eccl\u00e9siaste 11:3) \u00a0 Jamais! Pourquoi craindre les nuages qui viennent noircir notre ciel? Ils nous cachent le soleil un moment, mais [&hellip;]<\/p>\n","protected":false},"author":4,"featured_media":0,"comment_status":"open","ping_status":"open","sticky":false,"template":"","format":"standard","meta":{"_exactmetrics_skip_tracking":false,"_exactmetrics_sitenote_active":false,"_exactmetrics_sitenote_note":"","_exactmetrics_sitenote_category":0,"footnotes":""},"categories":[15],"tags":[],"_links":{"self":[{"href":"http:\/\/reveiletreforme.adventiste.re\/index.php?rest_route=\/wp\/v2\/posts\/15382"}],"collection":[{"href":"http:\/\/reveiletreforme.adventiste.re\/index.php?rest_route=\/wp\/v2\/posts"}],"about":[{"href":"http:\/\/reveiletreforme.adventiste.re\/index.php?rest_route=\/wp\/v2\/types\/post"}],"author":[{"embeddable":true,"href":"http:\/\/reveiletreforme.adventiste.re\/index.php?rest_route=\/wp\/v2\/users\/4"}],"replies":[{"embeddable":true,"href":"http:\/\/reveiletreforme.adventiste.re\/index.php?rest_route=%2Fwp%2Fv2%2Fcomments&post=15382"}],"version-history":[{"count":1,"href":"http:\/\/reveiletreforme.adventiste.re\/index.php?rest_route=\/wp\/v2\/posts\/15382\/revisions"}],"predecessor-version":[{"id":15383,"href":"http:\/\/reveiletreforme.adventiste.re\/index.php?rest_route=\/wp\/v2\/posts\/15382\/revisions\/15383"}],"wp:attachment":[{"href":"http:\/\/reveiletreforme.adventiste.re\/index.php?rest_route=%2Fwp%2Fv2%2Fmedia&parent=15382"}],"wp:term":[{"taxonomy":"category","embeddable":true,"href":"http:\/\/reveiletreforme.adventiste.re\/index.php?rest_route=%2Fwp%2Fv2%2Fcategories&post=15382"},{"taxonomy":"post_tag","embeddable":true,"href":"http:\/\/reveiletreforme.adventiste.re\/index.php?rest_route=%2Fwp%2Fv2%2Ftags&post=15382"}],"curies":[{"name":"wp","href":"https:\/\/api.w.org\/{rel}","templated":true}]}}