{"id":1617,"date":"2017-02-16T14:33:02","date_gmt":"2017-02-16T10:33:02","guid":{"rendered":"http:\/\/reveiletreforme.adventiste.re\/?p=1617"},"modified":"2017-02-16T14:32:09","modified_gmt":"2017-02-16T10:32:09","slug":"psaume-108","status":"publish","type":"post","link":"http:\/\/reveiletreforme.adventiste.re\/?p=1617","title":{"rendered":"Psaume 108"},"content":{"rendered":"[audio:http:\/\/adventiste.re\/files\/audio-bible\/at\/19_psaumes\/psa_108.mp3]\n<p style=\"text-align: justify;\"><b>1<\/b><b> <\/b>Cantique. Psaume de David. Mon coeur est affermi, \u00f4 Dieu! Je chanterai, je ferai retentir mes instruments: c&rsquo;est ma gloire!<\/p>\n<p style=\"text-align: justify;\"><b>2<\/b><b> <\/b>R\u00e9veillez-vous, mon luth et ma harpe! Je r\u00e9veillerai l&rsquo;aurore.<\/p>\n<p style=\"text-align: justify;\"><b>3<\/b><b> <\/b>Je te louerai parmi les peuples, Eternel! Je te chanterai parmi les nations.<\/p>\n<p style=\"text-align: justify;\"><b><!--more-->4<\/b><b> <\/b>Car ta bont\u00e9 s&rsquo;\u00e9l\u00e8ve au-dessus des cieux, Et ta fid\u00e9lit\u00e9 jusqu&rsquo;aux nues.<\/p>\n<p style=\"text-align: justify;\"><b>5<\/b><b> <\/b>El\u00e8ve-toi sur les cieux, \u00f4 Dieu! Et que ta gloire soit sur toute la terre!<\/p>\n<p style=\"text-align: justify;\"><b>6<\/b><b> <\/b>Afin que tes bien-aim\u00e9s soient d\u00e9livr\u00e9s, Sauve par ta droite, et exauce-nous!<\/p>\n<p style=\"text-align: justify;\"><b>7<\/b><b> <\/b>Dieu a dit dans sa saintet\u00e9: Je triompherai, Je partagerai Sichem, je mesurerai la vall\u00e9e de Succoth;<\/p>\n<p style=\"text-align: justify;\"><b>8<\/b><b> <\/b>A moi Galaad, \u00e0 moi Manass\u00e9; Ephra\u00efm est le rempart de ma t\u00eate, Et Juda, mon sceptre;<\/p>\n<p style=\"text-align: justify;\"><b>9<\/b><b> <\/b>Moab est le bassin o\u00f9 je me lave; Je jette mon soulier sur Edom; Je pousse des cris de joie sur le pays des Philistins!<\/p>\n<p style=\"text-align: justify;\"><b>10<\/b><b> <\/b>Qui me m\u00e8nera dans la ville forte? Qui me conduit \u00e0 Edom?<\/p>\n<p style=\"text-align: justify;\"><b>11<\/b><b> <\/b>N&rsquo;est-ce pas toi, \u00f4 Dieu, qui nous as repouss\u00e9s, Et qui ne sortais plus, \u00f4 Dieu, avec nos arm\u00e9es?<\/p>\n<p style=\"text-align: justify;\"><b>12<\/b><b> <\/b>Donne-nous du secours contre la d\u00e9tresse! Le secours de l&rsquo;homme n&rsquo;est que vanit\u00e9.<\/p>\n<p style=\"text-align: justify;\"><b>13<\/b><b> <\/b>Avec Dieu, nous ferons des exploits; Il \u00e9crasera nos ennemis.<\/p>\n<p style=\"text-align: justify;\"><strong>COMMENTAIRE<\/strong><\/p>\n<p style=\"text-align: justify;\">Les premiers versets du <a href=\"http:\/\/www.bibleserver.com\/text\/S21\/Psaume108\" class=\"bibleserver extern\" target=\"_blank\">psaume 108<\/a> me rappellent un chant que je chantais souvent avec les jeunes. Le psalmiste proph\u00e9tise un Isra\u00ebl r\u00e9uni et rachet\u00e9, louant le Seigneur. C&rsquo;est la d\u00e9monstration de l&rsquo;amour et la gr\u00e2ce de Dieu envers les \u00e9lus de Dieu.<\/p>\n<p style=\"text-align: justify;\">David avait pens\u00e9 \u00e0 sa course et ne voulait pas en d\u00e9vier. Le fait de rester ferme est un trait de caract\u00e8re que nous devons cultiver.<\/p>\n<p style=\"text-align: justify;\">Ce psaume nous encourage \u00e0 \u00eatre sinc\u00e8re au Seigneur, qui ira en avant de nos batailles comme il l&rsquo;a fait pour eux.\u00a0Il le fera pour vous et moi en ce jour.\u00a0Quand l&rsquo;aide humaine est inefficace, Dieu viendra \u00e0 notre secours. Quand la confiance chancelle, les enfants de Dieu reposent\u00a0en paix dans ses bras.<\/p>\n<p style=\"text-align: justify;\">Que notre cri, \u00e0 l\u2019image du leur, soit, aujourd\u2019hui\u00a0: \u00ab\u00a0Dieu aide nous dans la d\u00e9tresse parce que vaine est l&rsquo;aide des hommes.\u00a0\u00bb Par la gr\u00e2ce de Dieu, nous serons vainqueurs, car il vaincra nos ennemies\u00a0; soyez fid\u00e8le et courageux, car c&rsquo;est lui qui ira \u00e0 la bataille pour nous.<\/p>\n<p><strong>Christoph Berger<\/strong><br \/>\nPr\u00e9sident<br \/>\nBogenhofen College<br \/>\nAutriche<\/p>\n<p style=\"text-align: right;\">Traduction : Judex Bodinate<\/p>\n","protected":false},"excerpt":{"rendered":"<p>[audio:http:\/\/adventiste.re\/files\/audio-bible\/at\/19_psaumes\/psa_108.mp3] 1 Cantique. Psaume de David. Mon coeur est affermi, \u00f4 Dieu! Je chanterai, je ferai retentir mes instruments: c&rsquo;est ma gloire! 2 R\u00e9veillez-vous, mon luth et ma harpe! Je r\u00e9veillerai l&rsquo;aurore. 3 Je te louerai parmi les peuples, Eternel! Je te chanterai parmi les nations.<\/p>\n","protected":false},"author":1,"featured_media":0,"comment_status":"open","ping_status":"open","sticky":false,"template":"","format":"audio","meta":{"_exactmetrics_skip_tracking":false,"_exactmetrics_sitenote_active":false,"_exactmetrics_sitenote_note":"","_exactmetrics_sitenote_category":0,"footnotes":""},"categories":[16],"tags":[],"_links":{"self":[{"href":"http:\/\/reveiletreforme.adventiste.re\/index.php?rest_route=\/wp\/v2\/posts\/1617"}],"collection":[{"href":"http:\/\/reveiletreforme.adventiste.re\/index.php?rest_route=\/wp\/v2\/posts"}],"about":[{"href":"http:\/\/reveiletreforme.adventiste.re\/index.php?rest_route=\/wp\/v2\/types\/post"}],"author":[{"embeddable":true,"href":"http:\/\/reveiletreforme.adventiste.re\/index.php?rest_route=\/wp\/v2\/users\/1"}],"replies":[{"embeddable":true,"href":"http:\/\/reveiletreforme.adventiste.re\/index.php?rest_route=%2Fwp%2Fv2%2Fcomments&post=1617"}],"version-history":[{"count":1,"href":"http:\/\/reveiletreforme.adventiste.re\/index.php?rest_route=\/wp\/v2\/posts\/1617\/revisions"}],"predecessor-version":[{"id":5842,"href":"http:\/\/reveiletreforme.adventiste.re\/index.php?rest_route=\/wp\/v2\/posts\/1617\/revisions\/5842"}],"wp:attachment":[{"href":"http:\/\/reveiletreforme.adventiste.re\/index.php?rest_route=%2Fwp%2Fv2%2Fmedia&parent=1617"}],"wp:term":[{"taxonomy":"category","embeddable":true,"href":"http:\/\/reveiletreforme.adventiste.re\/index.php?rest_route=%2Fwp%2Fv2%2Fcategories&post=1617"},{"taxonomy":"post_tag","embeddable":true,"href":"http:\/\/reveiletreforme.adventiste.re\/index.php?rest_route=%2Fwp%2Fv2%2Ftags&post=1617"}],"curies":[{"name":"wp","href":"https:\/\/api.w.org\/{rel}","templated":true}]}}