{"id":16758,"date":"2025-12-15T00:15:00","date_gmt":"2025-12-14T20:15:00","guid":{"rendered":"http:\/\/reveiletreforme.adventiste.re\/?p=16758"},"modified":"2025-12-14T19:42:57","modified_gmt":"2025-12-14T15:42:57","slug":"vigile-matinale-du-15-decembre-5","status":"publish","type":"post","link":"http:\/\/reveiletreforme.adventiste.re\/?p=16758","title":{"rendered":"Vigile matinale du 15 D\u00e9cembre"},"content":{"rendered":"<h4 style=\"text-align: center;\">La proph\u00e9tie messianique<\/h4>\n<p style=\"text-align: center;\"><strong>\u00ab Car un enfant nous est n\u00e9, un fils nous a \u00e9t\u00e9 donn\u00e9. Il a la Souverainet\u00e9 sur son \u00e9paule ; on l&rsquo;appelle du nom de Conseiller \u00e9tonnant, Dieu-H\u00e9ros, P\u00e8re \u00e9ternel, Prince de paix. \u00bb <em>(\u00c9sa\u00efe 9.6)<\/em><\/strong><\/p>\n<p>Un jour je me rendis \u00e0 Gibraltar pour assumer pendant les vacances d&rsquo;\u00e9t\u00e9 les deux petites \u00e9glises de La Linea de la Concepci\u00e9n et Algerciras (Cadix, Espagne). Parmi les personnes qui suivaient des \u00e9tudes bibliques, il y avait une dame cultiv\u00e9e et de bonne situation. Un jour, alors que je lui pr\u00e9sentais une \u00e9tude sur la proph\u00e9tie biblique, elle fut tr\u00e8s touch\u00e9e par le merveilleux accomplissement des proph\u00e9ties messianiques d\u2019\u00c9sa\u00efe :<!--more--><\/p>\n<ul>\n<li>Quand furent-elles \u00e9crites ? demanda-t-elle ?<\/li>\n<li>Sept-cents ans avant J\u00e9sus-Christ, r\u00e9pondis-je.<\/li>\n<li>Mais il s\u2019agit peut-\u00eatre d\u2019une extrapolation, c\u2019est-\u00e0-dire, une esp\u00e8ce de proph\u00e9tie post eventum ? demanda-t-elle.<\/li>\n<li>Impossible, parce que sur une copie du proph\u00e8te \u00c9sa\u00efe, de l\u2019an 150 av. J.-C. trouv\u00e9e parmi les manuscrits de la M\u00e8re Morte, on trouvait d\u00e9j\u00e0 ces textes.<\/li>\n<li>Ce n\u2019\u00e9taient pas le r\u00e9sultat de sages intuitions ou d\u2019une id\u00e9e judicieuse fortuite d&rsquo;\u00c9sa\u00efe ?<\/li>\n<li>Non, ce n\u2019est que par inspiration divine que le proph\u00e8te put faire des annonces si pr\u00e9cises et d\u00e9taill\u00e9es, lui r\u00e9pondis-je aimablement.<\/li>\n<\/ul>\n<p>La proph\u00e9tie messianique, dont l\u2019accomplissement se r\u00e9alise dans le Nouveau Testament, est un des t\u00e9moignages des plus convaincants de l\u2019origine divine des \u00c9critures et de l\u2019authenticit\u00e9 r\u00e9demptrice de J\u00e9sus. Selon Henry Parry Lindon, il y a 332 diff\u00e9rentes pr\u00e9dictions dans l\u2019Ancien Testament qui s\u2019accompliront litt\u00e9ralement en J\u00e9sus-Christ. Tant dans les \u00c9vangiles que dans les pr\u00e9dications du livre des Actes des Ap\u00f4tres et dans leurs \u00c9pitres, une valeur probante est donn\u00e9e au message qui entoure J\u00e9sus par la phrase : \u00ab afin que s\u2019accomplisse ce qui avait \u00e9t\u00e9 dit pas l&rsquo;entremise du proph\u00e8te. \u00bb La naissance comme la passion du Fils de Dieu, son \u0153uvre et la profonde signification th\u00e9ologique et salvatrice de sa mort, ont \u00e9t\u00e9 pr\u00e9dites par les proph\u00e8tes bibliques.<\/p>\n<p>\u00c9sa\u00efe, le proph\u00e8te messianique, qui v\u00e9cut \u00e0 l\u2019\u00e9poque du roi \u00c9z\u00e9chias, nous annon\u00e7a la naissance virginale du Messie (7.14), ses titres et noms (9.6), l&rsquo;esprit que Dieu lui octroierait (11.1,2), la joie de son av\u00e8nement (25.9), l\u2019\u0153uvre des pr\u00e9curseurs (40.3-5), la gloire de son av\u00e8nement (62.11), le caract\u00e8re spirituel de son \u0153uvre (61.1-3), le caract\u00e8re vicaire de ses souffrances et mort (53.2-9). Le proph\u00e8te Daniel pr\u00e9dit la date de son bapt\u00eame et de sa mort (9.24-27), Mich\u00e9e le lieu de sa naissance (5.2), Zacharie son entr\u00e9e triomphale dans J\u00e9rusalem et le spectacle de la croix (9.9, 12.10), Agg\u00e9e la venue des biens de toutes les nations (2.7).<\/p>\n<p>Aujourd\u2019hui, rendons gr\u00e2ce \u00e0 Dieu pour la certitude de la parole proph\u00e9tique.<\/p>\n<p><em>(\u00ab\u00a0Mais il y a un Dieu dans les cieux\u00a0\u00bb Carlos Puyol Buil. Ed: Safeliz)<\/em><\/p>\n","protected":false},"excerpt":{"rendered":"<p>La proph\u00e9tie messianique \u00ab Car un enfant nous est n\u00e9, un fils nous a \u00e9t\u00e9 donn\u00e9. Il a la Souverainet\u00e9 sur son \u00e9paule ; on l&rsquo;appelle du nom de Conseiller \u00e9tonnant, Dieu-H\u00e9ros, P\u00e8re \u00e9ternel, Prince de paix. \u00bb (\u00c9sa\u00efe 9.6) Un jour je me rendis \u00e0 Gibraltar pour assumer pendant les vacances d&rsquo;\u00e9t\u00e9 les deux [&hellip;]<\/p>\n","protected":false},"author":4,"featured_media":0,"comment_status":"open","ping_status":"open","sticky":false,"template":"","format":"standard","meta":{"_exactmetrics_skip_tracking":false,"_exactmetrics_sitenote_active":false,"_exactmetrics_sitenote_note":"","_exactmetrics_sitenote_category":0,"footnotes":""},"categories":[15],"tags":[],"_links":{"self":[{"href":"http:\/\/reveiletreforme.adventiste.re\/index.php?rest_route=\/wp\/v2\/posts\/16758"}],"collection":[{"href":"http:\/\/reveiletreforme.adventiste.re\/index.php?rest_route=\/wp\/v2\/posts"}],"about":[{"href":"http:\/\/reveiletreforme.adventiste.re\/index.php?rest_route=\/wp\/v2\/types\/post"}],"author":[{"embeddable":true,"href":"http:\/\/reveiletreforme.adventiste.re\/index.php?rest_route=\/wp\/v2\/users\/4"}],"replies":[{"embeddable":true,"href":"http:\/\/reveiletreforme.adventiste.re\/index.php?rest_route=%2Fwp%2Fv2%2Fcomments&post=16758"}],"version-history":[{"count":1,"href":"http:\/\/reveiletreforme.adventiste.re\/index.php?rest_route=\/wp\/v2\/posts\/16758\/revisions"}],"predecessor-version":[{"id":16759,"href":"http:\/\/reveiletreforme.adventiste.re\/index.php?rest_route=\/wp\/v2\/posts\/16758\/revisions\/16759"}],"wp:attachment":[{"href":"http:\/\/reveiletreforme.adventiste.re\/index.php?rest_route=%2Fwp%2Fv2%2Fmedia&parent=16758"}],"wp:term":[{"taxonomy":"category","embeddable":true,"href":"http:\/\/reveiletreforme.adventiste.re\/index.php?rest_route=%2Fwp%2Fv2%2Fcategories&post=16758"},{"taxonomy":"post_tag","embeddable":true,"href":"http:\/\/reveiletreforme.adventiste.re\/index.php?rest_route=%2Fwp%2Fv2%2Ftags&post=16758"}],"curies":[{"name":"wp","href":"https:\/\/api.w.org\/{rel}","templated":true}]}}