{"id":16760,"date":"2025-12-16T00:16:00","date_gmt":"2025-12-15T20:16:00","guid":{"rendered":"http:\/\/reveiletreforme.adventiste.re\/?p=16760"},"modified":"2025-12-15T23:06:28","modified_gmt":"2025-12-15T19:06:28","slug":"vigile-matinale-du-16-decembre-5","status":"publish","type":"post","link":"http:\/\/reveiletreforme.adventiste.re\/?p=16760","title":{"rendered":"Vigile matinale du 16 D\u00e9cembre"},"content":{"rendered":"<h4 style=\"text-align: center;\">Qui sait ?<\/h4>\n<p style=\"text-align: center;\"><strong>\u00ab Si tu ne dis rien en cette occasion, le soulagement et la lib\u00e9ration des Juifs surgiront d&rsquo;un autre c\u00f4t\u00e9, alors que, toi et ta famille, vous dispara\u00eetrez. D&rsquo;ailleurs, qui sait si ce n&rsquo;est pas Pour une occasion comme celle-ci que tu es parvenue \u00e0 la royaut\u00e9 ? \u00bb <em>(Esther 4.14)<\/em><\/strong><\/p>\n<p>Durant le Moyen-\u00c2ge, en Espagne, les p\u00e9riodes de d\u00e9pression \u00e9conomique se sont caract\u00e9ris\u00e9es par des pers\u00e9cutions et promulgations de lois antis\u00e9mites, ainsi que l\u2019expulsion et le massacre de cette partie de la population. Et tristement, depuis le temps de la reine Esther, ce fait a \u00e9t\u00e9 une constante dans l\u2019histoire des Juifs qui, en raison de l\u2019envie suscit\u00e9e par les richesses qu\u2019ils accumulent, du r\u00f4le d\u2019usurier qu\u2019on leur attribue et de leur religion exclusive, subissent trop fr\u00e9quemment la haine des masses et de leurs dirigeants.<!--more--><\/p>\n<p>Bien que le nom de Dieu n\u2019apparaisse pas explicitement dans le livre d\u2019Esther, je crois que la providence divine et l\u2019attention r\u00e9demptrice de Dieu pour son peuple sont manifestes tout au long du r\u00e9cit, \u00e0 moins que nous ne donnions une importance pr\u00e9dominante dans cette histoire au hasard et \u00e0 la \u00ab chance \u00bb. Esther \u00e9tait pourvue d\u2019une beaut\u00e9 singuli\u00e8re, tant physique que morale : mais comment Mardoch\u00e9e, son oncle, osa-t-il la pr\u00e9senter \u00e0 la convocation de la maison du roi alors qu\u2019ils \u00e9taient juifs ? Qui l\u2019y a incit\u00e9 ? Et ensuite, pourquoi le roi assyrien a-t-il choisi Esther parmi toutes les jeunes filles les plus belles du royaume ? Qui le guida dans son choix ? Peut-\u00eatre ne fut-ce pas non plus providentiel si Mardoch\u00e9e apprit la conspiration contre le roi et put l\u2019\u00e9viter, ce fait \u00e9tant enregistr\u00e9 dans les annales du palais ? Et quand pesait d\u00e9j\u00e0 sur les Juifs un d\u00e9cret d\u2019extermination, promu par le pervers Aman, qui toucha le c\u0153ur d\u2019Esther pour qu\u2019elle se pr\u00e9sente devant le monarque sans \u00eatre appel\u00e9e, au risque de sa propre vie ? Pourquoi le roi \u00e9tendit-il son sceptre d\u2019or et ne fut-il pas irrit\u00e9 par son audace ? Pourquoi signa-t-il le d\u00e9cret autorisant les Juifs \u00e0 s\u2019armer et se d\u00e9fendre de leurs ennemis ? Il n\u2019y a qu\u2019une r\u00e9ponse : parce qu\u2019\u00e0 cette occasion Esther \u00e9tait devenue reine.<\/p>\n<p>Il y a trop de hasards et d\u2019\u00e9v\u00e8nements impr\u00e9visibles dans l\u2019histoire d\u2019Esther pour ne pas y voir l\u2019action de Dieu, pr\u00e9venant et dirigeant les \u00e9v\u00e8nements pour sauver son peuple. De la m\u00eame mani\u00e8re, comme dans les jours d\u2019Esther et de Mardoch\u00e9e, la providence divine promulguera des d\u00e9crets protecteurs et des amnisties, il suscitera de courageux avocats \u00e0 la d\u00e9fense, perturbera les desseins criminels par ses conseils quand viendra le temps de la grande affliction de l\u2019\u00e9glise du reste.<\/p>\n<p>Souvenez-vous aujourd\u2019hui que vous aussi vous \u00eates venu dans ce monde avec une mission. Savez-vous laquelle ?<\/p>\n<p><em>(\u00ab\u00a0Mais il y a un Dieu dans les cieux\u00a0\u00bb Carlos Puyol Buil. Ed: Safeliz)<\/em><\/p>\n","protected":false},"excerpt":{"rendered":"<p>Qui sait ? \u00ab Si tu ne dis rien en cette occasion, le soulagement et la lib\u00e9ration des Juifs surgiront d&rsquo;un autre c\u00f4t\u00e9, alors que, toi et ta famille, vous dispara\u00eetrez. D&rsquo;ailleurs, qui sait si ce n&rsquo;est pas Pour une occasion comme celle-ci que tu es parvenue \u00e0 la royaut\u00e9 ? \u00bb (Esther 4.14) Durant [&hellip;]<\/p>\n","protected":false},"author":4,"featured_media":0,"comment_status":"open","ping_status":"open","sticky":false,"template":"","format":"standard","meta":{"_exactmetrics_skip_tracking":false,"_exactmetrics_sitenote_active":false,"_exactmetrics_sitenote_note":"","_exactmetrics_sitenote_category":0,"footnotes":""},"categories":[15],"tags":[],"_links":{"self":[{"href":"http:\/\/reveiletreforme.adventiste.re\/index.php?rest_route=\/wp\/v2\/posts\/16760"}],"collection":[{"href":"http:\/\/reveiletreforme.adventiste.re\/index.php?rest_route=\/wp\/v2\/posts"}],"about":[{"href":"http:\/\/reveiletreforme.adventiste.re\/index.php?rest_route=\/wp\/v2\/types\/post"}],"author":[{"embeddable":true,"href":"http:\/\/reveiletreforme.adventiste.re\/index.php?rest_route=\/wp\/v2\/users\/4"}],"replies":[{"embeddable":true,"href":"http:\/\/reveiletreforme.adventiste.re\/index.php?rest_route=%2Fwp%2Fv2%2Fcomments&post=16760"}],"version-history":[{"count":1,"href":"http:\/\/reveiletreforme.adventiste.re\/index.php?rest_route=\/wp\/v2\/posts\/16760\/revisions"}],"predecessor-version":[{"id":16761,"href":"http:\/\/reveiletreforme.adventiste.re\/index.php?rest_route=\/wp\/v2\/posts\/16760\/revisions\/16761"}],"wp:attachment":[{"href":"http:\/\/reveiletreforme.adventiste.re\/index.php?rest_route=%2Fwp%2Fv2%2Fmedia&parent=16760"}],"wp:term":[{"taxonomy":"category","embeddable":true,"href":"http:\/\/reveiletreforme.adventiste.re\/index.php?rest_route=%2Fwp%2Fv2%2Fcategories&post=16760"},{"taxonomy":"post_tag","embeddable":true,"href":"http:\/\/reveiletreforme.adventiste.re\/index.php?rest_route=%2Fwp%2Fv2%2Ftags&post=16760"}],"curies":[{"name":"wp","href":"https:\/\/api.w.org\/{rel}","templated":true}]}}