{"id":16765,"date":"2025-12-18T00:18:00","date_gmt":"2025-12-17T20:18:00","guid":{"rendered":"http:\/\/reveiletreforme.adventiste.re\/?p=16765"},"modified":"2025-12-17T21:51:22","modified_gmt":"2025-12-17T17:51:22","slug":"vigile-matinale-du-18-decembre-6","status":"publish","type":"post","link":"http:\/\/reveiletreforme.adventiste.re\/?p=16765","title":{"rendered":"Vigile matinale du 18 D\u00e9cembre"},"content":{"rendered":"<h4 style=\"text-align: center;\">Les temps ont \u00e9t\u00e9 accomplis<\/h4>\n<p style=\"text-align: center;\"><strong>\u00ab Mais lorsque les temps furent accomplis, Dieu a envoy\u00e9 son Fils, n\u00e9 d&rsquo;une femme et sous la loi. \u00bb <em>(Galates 4.4)<\/em><\/strong><\/p>\n<p>Paul reconnait dans ce passage de son \u00c9pitre aux Galates que l\u2019incarnation du Fils de Dieu avait eu lieu lors de l\u2019accomplissement des temps. La signification de cette expression qui \u00e9voque le terme \u00ab temps \u00bb nous permet de rendre \u00e0 la proph\u00e9tie messianique sa valeur historique, et m\u00eame chronologique. La promesse messianique dans la Bible n\u2019est pas une annonce abstraite qui s\u2019inscrit dans la dimension d\u2019un temps d\u00e9termin\u00e9. La proph\u00e9tie biblique pointe du doigt un futur qu\u2019elle pr\u00e9tend d\u00e9terminer, mais de telle fa\u00e7on que le peuple de la promesse puisse d\u00e9velopper une esp\u00e9rance permanente et actuelle. L\u2019ap\u00f4tre utilise ici le terme chronos, le temps mesurable, le temps dans lequel surviennent les \u00e9v\u00e8nements de l\u2019histoire humaine et ceux de l\u2019histoire du salut, J\u00e9sus vint quand l\u2019heure sonna sur l\u2019horloge divine, dans un temps pr\u00e9fix\u00e9 par l\u2019omniscience divine.<!--more--><\/p>\n<p>La naissance du Christ et un fait historique. Le texte dit que quand il vint \u00ab les temps furent accomplis \u00bb, ou aussi au moment culminant, alors le Sauveur naquit. Beaucoup d\u2019auteurs ont signal\u00e9 le caract\u00e8re providentiel de la conjecture historique dans laquelle apparut J\u00e9sus. Voici le t\u00e9moignage d\u2019Ellen White : \u00ab La Providence avait dirig\u00e9 les mouvements des nations, les vagues des impulsions et des influences humaines, si bien que le monde \u00e9tait m\u00fbr pour l&rsquo;apparition du Lib\u00e9rateur. Les nations se trouvaient r\u00e9unies sous un m\u00eame gouvernement. Une langue unique \u00e9tait largement r\u00e9pandue et g\u00e9n\u00e9ralement adopt\u00e9e comme langue litt\u00e9raire. De tous les pays, les Juifs dispers\u00e9s se rassemblaient \u00e0 J\u00e9rusalem \u00e0 l\u2019occasion des f\u00eates annuelles. De retour chez eux, il leur serait facile de r\u00e9pandre, \u00e0 travers le monde, la nouvelle de la venue du Messie. \u00c0 cette \u00e9poque les religions pa\u00efennes perdaient de leur ascendant sur le peuple. On \u00e9tait las de spectacles et de fables. On soupirait apr\u00e8s une religion capable de satisfaire les besoins du c\u0153ur. Et, quoique la lumi\u00e8re de la v\u00e9rit\u00e9 paraisse s\u2019\u00eatre \u00e9loign\u00e9e de l&rsquo;humanit\u00e9, il y avait cependant des \u00e2mes assoiff\u00e9es de certitude, oppress\u00e9es par l\u2019angoisse et la douleur, des \u00e2mes qui, ardemment, d\u00e9siraient le Dieu vivant et l&rsquo;assurance d\u2019une vie au-del\u00e0 du tombeau. \u00bb (J\u00e9sus-Christ, p. 24)<\/p>\n<p>Le monde \u00e9tait pr\u00eat pour recevoir le Sauveur. La confluence de circonstances historiques providentielles Marquera-t-elle aussi le moment culminant de sa seconde venue en gloire et majest\u00e9 ? C\u2019est possible. Ce qui est s\u00fbr c\u2019est que J\u00e9sus reviendra vite sur terre. Ne l\u2019oubliez pas. Il reviendra quand \u00ab les temps seront accomplis \u00bb.<\/p>\n<p><em>(\u00ab\u00a0Mais il y a un Dieu dans les cieux\u00a0\u00bb Carlos Puyol Buil. Ed: Safeliz)<\/em><\/p>\n","protected":false},"excerpt":{"rendered":"<p>Les temps ont \u00e9t\u00e9 accomplis \u00ab Mais lorsque les temps furent accomplis, Dieu a envoy\u00e9 son Fils, n\u00e9 d&rsquo;une femme et sous la loi. \u00bb (Galates 4.4) Paul reconnait dans ce passage de son \u00c9pitre aux Galates que l\u2019incarnation du Fils de Dieu avait eu lieu lors de l\u2019accomplissement des temps. La signification de cette [&hellip;]<\/p>\n","protected":false},"author":4,"featured_media":0,"comment_status":"open","ping_status":"open","sticky":false,"template":"","format":"standard","meta":{"_exactmetrics_skip_tracking":false,"_exactmetrics_sitenote_active":false,"_exactmetrics_sitenote_note":"","_exactmetrics_sitenote_category":0,"footnotes":""},"categories":[15],"tags":[],"_links":{"self":[{"href":"http:\/\/reveiletreforme.adventiste.re\/index.php?rest_route=\/wp\/v2\/posts\/16765"}],"collection":[{"href":"http:\/\/reveiletreforme.adventiste.re\/index.php?rest_route=\/wp\/v2\/posts"}],"about":[{"href":"http:\/\/reveiletreforme.adventiste.re\/index.php?rest_route=\/wp\/v2\/types\/post"}],"author":[{"embeddable":true,"href":"http:\/\/reveiletreforme.adventiste.re\/index.php?rest_route=\/wp\/v2\/users\/4"}],"replies":[{"embeddable":true,"href":"http:\/\/reveiletreforme.adventiste.re\/index.php?rest_route=%2Fwp%2Fv2%2Fcomments&post=16765"}],"version-history":[{"count":1,"href":"http:\/\/reveiletreforme.adventiste.re\/index.php?rest_route=\/wp\/v2\/posts\/16765\/revisions"}],"predecessor-version":[{"id":16766,"href":"http:\/\/reveiletreforme.adventiste.re\/index.php?rest_route=\/wp\/v2\/posts\/16765\/revisions\/16766"}],"wp:attachment":[{"href":"http:\/\/reveiletreforme.adventiste.re\/index.php?rest_route=%2Fwp%2Fv2%2Fmedia&parent=16765"}],"wp:term":[{"taxonomy":"category","embeddable":true,"href":"http:\/\/reveiletreforme.adventiste.re\/index.php?rest_route=%2Fwp%2Fv2%2Fcategories&post=16765"},{"taxonomy":"post_tag","embeddable":true,"href":"http:\/\/reveiletreforme.adventiste.re\/index.php?rest_route=%2Fwp%2Fv2%2Ftags&post=16765"}],"curies":[{"name":"wp","href":"https:\/\/api.w.org\/{rel}","templated":true}]}}