{"id":16775,"date":"2025-12-23T00:23:00","date_gmt":"2025-12-22T20:23:00","guid":{"rendered":"http:\/\/reveiletreforme.adventiste.re\/?p=16775"},"modified":"2025-12-22T23:52:18","modified_gmt":"2025-12-22T19:52:18","slug":"vigile-matinale-du-23-decembre-6","status":"publish","type":"post","link":"http:\/\/reveiletreforme.adventiste.re\/?p=16775","title":{"rendered":"Vigile matinale du 23 D\u00e9cembre"},"content":{"rendered":"<h4 style=\"text-align: center;\">Un b\u00e9b\u00e9 berc\u00e9 dans la paille<\/h4>\n<p style=\"text-align: center;\"><strong>\u00ab Car vous connaissez la gr\u00e2ce de notre Seigneur J\u00e9sus-Christ : lui qui \u00e9tait riche, il s&rsquo;est fait pauvre \u00e0 cause de vous, pour que, vous, par sa pauvret\u00e9, vous deveniez riches. \u00bb <em>(2 Corinthiens 8.9)<\/em><\/strong><\/p>\n<p>Dans ces versets, l\u2019ap\u00f4tre Paul souligne le contraste qualitatif que suppose l\u2019incarnation : \u00e9tant riche, il se fit pauvre, pour que sa pauvret\u00e9 rende les hommes riches, et tout cela en raison de sa merveilleuse gr\u00e2ce.<!--more--><\/p>\n<p>Quelle pauvret\u00e9 accepta-t-il volontairement ? Celle que l\u2019on d\u00e9crit dans la sc\u00e8ne de la naissance : J\u00e9sus vint au monde dans une \u00e9table, le lieu o\u00f9 naissait le b\u00e9tail. Il fut couvert de paille humide et eut pour berceau une mangeoire. Le r\u00e9cit ne mentionne pas la pr\u00e9sence d\u2019une sage-femme, ni d\u2019autres personnes qui aid\u00e8rent au moment de l\u2019accouchement. Le Fils de Dieu, dans son incarnation, naquit comme naissent les plus pauvres.<\/p>\n<p>Mais \u00e0 quelle richesse renon\u00e7a-t-il volontairement ? Il est difficile de qualifier la gloire de son tr\u00f4ne dans les cieux et encore plus de la quantifier, mais cette gloire aussi fut pr\u00e9sente dans les sc\u00e8nes de la Nativit\u00e9. La pauvret\u00e9 de la naissance que d\u00e9crivent les \u00c9vangiles contraste \u00e9norm\u00e9ment avec la gloire de l&rsquo;ange Gabriel lors de l\u2019annonciation, avec la splendeur du ciel qui entoure les bergers dans les collines de Bethl\u00e9em, avec la magnificence du ch\u0153ur des anges qui chant\u00e8rent \u00ab gloire \u00e0 Dieu dans les lieux tr\u00e8s hauts \u00bb, avec la miraculeuse \u00e9toile qui guida les mages parcourant de si longs chemins, et avec l&rsquo;intervention indiscutable de l&rsquo;Esprit Saint, non seulement dans la gestation du Fils de Marie, mais aussi dans toutes les providences divines qui prot\u00e9g\u00e8rent et permirent de soustraire sa vie \u00e0 la mort.<\/p>\n<p>Comme la divinit\u00e9 voil\u00e9e et l&rsquo;humanit\u00e9 pleine sont unies dans la personne de J\u00e9sus, les richesses qu\u2019il laissa et la pauvret\u00e9 qu\u2019il trouva se manifest\u00e8rent. La divinit\u00e9 et l\u2019humanit\u00e9 s\u2019unirent pour l&rsquo;\u00e9ternit\u00e9 en une hypostase qui enrichit le genre humain. Jean dit de l\u2019incarnation : <em>\u00ab La Parole est devenue chair ; elle a fait sa demeure parmi nous. [\u2026] Elle \u00e9tait pleine de gr\u00e2ce et de v\u00e9rit\u00e9 \u00bb<\/em> (In 1.14), et Paul dit de Christ, apr\u00e8s sa r\u00e9surrection : \u00ab Car c\u2019est en lui qu\u2019habite corporellement toute la pl\u00e9nitude de la divinit\u00e9. \u00bb (Col 2.9)<\/p>\n<p>Accepter la divinit\u00e9 de J\u00e9sus a une profonde signification pour notre exp\u00e9rience spirituelle. Quand nous le faisons, son sacrifice acqui\u00e8re une dimension sp\u00e9ciale. Et, chaque fois que nous contemplons son minist\u00e8re, nous \u00e9coutons ses paroles et acceptons ses promesses, nous pouvons \u00eatre certains qu\u2019il y a un Dieu dans les cieux.<\/p>\n<p><em>(\u00ab\u00a0Mais il y a un Dieu dans les cieux\u00a0\u00bb Carlos Puyol Buil. Ed: Safeliz)<\/em><\/p>\n","protected":false},"excerpt":{"rendered":"<p>Un b\u00e9b\u00e9 berc\u00e9 dans la paille \u00ab Car vous connaissez la gr\u00e2ce de notre Seigneur J\u00e9sus-Christ : lui qui \u00e9tait riche, il s&rsquo;est fait pauvre \u00e0 cause de vous, pour que, vous, par sa pauvret\u00e9, vous deveniez riches. \u00bb (2 Corinthiens 8.9) Dans ces versets, l\u2019ap\u00f4tre Paul souligne le contraste qualitatif que suppose l\u2019incarnation : [&hellip;]<\/p>\n","protected":false},"author":4,"featured_media":0,"comment_status":"open","ping_status":"open","sticky":false,"template":"","format":"standard","meta":{"_exactmetrics_skip_tracking":false,"_exactmetrics_sitenote_active":false,"_exactmetrics_sitenote_note":"","_exactmetrics_sitenote_category":0,"footnotes":""},"categories":[15],"tags":[],"_links":{"self":[{"href":"http:\/\/reveiletreforme.adventiste.re\/index.php?rest_route=\/wp\/v2\/posts\/16775"}],"collection":[{"href":"http:\/\/reveiletreforme.adventiste.re\/index.php?rest_route=\/wp\/v2\/posts"}],"about":[{"href":"http:\/\/reveiletreforme.adventiste.re\/index.php?rest_route=\/wp\/v2\/types\/post"}],"author":[{"embeddable":true,"href":"http:\/\/reveiletreforme.adventiste.re\/index.php?rest_route=\/wp\/v2\/users\/4"}],"replies":[{"embeddable":true,"href":"http:\/\/reveiletreforme.adventiste.re\/index.php?rest_route=%2Fwp%2Fv2%2Fcomments&post=16775"}],"version-history":[{"count":1,"href":"http:\/\/reveiletreforme.adventiste.re\/index.php?rest_route=\/wp\/v2\/posts\/16775\/revisions"}],"predecessor-version":[{"id":16776,"href":"http:\/\/reveiletreforme.adventiste.re\/index.php?rest_route=\/wp\/v2\/posts\/16775\/revisions\/16776"}],"wp:attachment":[{"href":"http:\/\/reveiletreforme.adventiste.re\/index.php?rest_route=%2Fwp%2Fv2%2Fmedia&parent=16775"}],"wp:term":[{"taxonomy":"category","embeddable":true,"href":"http:\/\/reveiletreforme.adventiste.re\/index.php?rest_route=%2Fwp%2Fv2%2Fcategories&post=16775"},{"taxonomy":"post_tag","embeddable":true,"href":"http:\/\/reveiletreforme.adventiste.re\/index.php?rest_route=%2Fwp%2Fv2%2Ftags&post=16775"}],"curies":[{"name":"wp","href":"https:\/\/api.w.org\/{rel}","templated":true}]}}