{"id":16788,"date":"2025-12-29T00:29:00","date_gmt":"2025-12-28T20:29:00","guid":{"rendered":"http:\/\/reveiletreforme.adventiste.re\/?p=16788"},"modified":"2025-12-28T19:17:09","modified_gmt":"2025-12-28T15:17:09","slug":"vigile-matinale-du-29-decembre-6","status":"publish","type":"post","link":"http:\/\/reveiletreforme.adventiste.re\/?p=16788","title":{"rendered":"Vigile matinale du 29 D\u00e9cembre"},"content":{"rendered":"<h4 style=\"text-align: center;\">De la Cr\u00e9ation au Salut<\/h4>\n<p style=\"text-align: center;\"><strong>\u00ab Enseigne-nous \u00e0 bien compter nos jours, que nous conduisions notre c\u0153ur avec sagesse. \u00bb <em>(Psaume 90.12)<\/em><\/strong><\/p>\n<p>En ces derniers jours de cette ann\u00e9e 2025, il est bon de se pencher sur la signification du temps dans la Bible. Nous pourrons ainsi regarder vers l\u2019arri\u00e8re et vers l\u2019avant avec sagesse, et cr\u00e9er le pr\u00e9sent et le futur. John Ruskin, sociologue anglais, disait \u00e0 ses \u00e9l\u00e8ves que \u00ab chaque jour est comme une vie miniature, celui qui sait faire de chaque jour ce qu\u2019il voudrait que devienne toute sa vie sera la personne la plus heureuse. \u00bb<!--more--><\/p>\n<p>Dans le concept biblique du temps, la Cr\u00e9ation est le commencement temporel des choses. Par cons\u00e9quent, ce qui ne commence par les choses cr\u00e9\u00e9es, c\u2019est-\u00e0-dire, avec le temps, appartient \u00e0 l\u2019ordre de l\u2019\u00e9ternit\u00e9 comme le Verbe, qui d\u00e9j\u00e0 existait avec Dieu, quand toutes les choses furent cr\u00e9\u00e9es.<\/p>\n<p>Dieu avait dit \u00e0 Adam : <em>\u00ab Le jour o\u00f9 tu en mangeras, tu mourras. \u00bb<\/em> (Gn 2.18) Ainsi donc, le p\u00e9ch\u00e9 donnerait au temps une dimension dramatique, la mort, qui est le processus inverse de la cr\u00e9ation, la r\u00e9gression vers le n\u00e9ant. Avec la mort le temps s\u2019arr\u00eate, l\u2019existence consciente disparait. Mais le temps, dans l\u2019\u00e9conomie du p\u00e9ch\u00e9 est, de plus, vieillissement, perte de vitalit\u00e9 jusqu\u2019\u00e0 ce que vienne la mort. Nous pouvons donc dire que le temps, \u00e0 un niveau personnel, est le tyran qui nous m\u00e8ne du berceau \u00e0 la tombe.<\/p>\n<p>Le Cr\u00e9ateur intervient pour donner au temps une nouvelle dimension. Dieu convertit le temps, irr\u00e9m\u00e9diablement mauvais, en temps r\u00e9dempteur, dans l\u2019histoire du salut, en manifestation de sa gr\u00e2ce salvatrice<em> : \u00ab Car elle s\u2019est manifest\u00e9e, la gr\u00e2ce de Dieu, source de salut pour tous les humains. \u00bb (Tt 2.11) <\/em>Dieu lui-m\u00eame se fit cr\u00e9ature humaine, il se soumit \u00e0 la tyrannie du temps, il se rendit mortel pour ainsi nous lib\u00e9rer du p\u00e9ch\u00e9, vaincre la mort et nous rendre l&rsquo;\u00e9ternit\u00e9.<\/p>\n<p>Entre la dimension dramatique du temps et sa dimension salutaire, la Bible parle du temps de promesse, temps d\u2019attente messianique, temps d\u2019espoir et d\u2019esp\u00e9rance pour Isra\u00ebl et pour l\u2019\u00e9glise : <em>\u00ab Elle nous apprend \u00e0 renier l\u2019impi\u00e9t\u00e9 et les d\u00e9sirs de ce monde, et \u00e0 vivre dans le temps pr\u00e9sent d\u2019une mani\u00e8re pond\u00e9r\u00e9e, juste et pieuse, en attendant la bienheureuse esp\u00e9rance et la manifestation de gloire de notre grand Dieu et Sauveur, J\u00e9sus-Christ. \u00bb<\/em> (Tt 2.12-13) Et cette attente apporte une dimension de plus : le temps de pr\u00e9paration, le temps de repentir et de conversion, le temps du salut personnel. <em>\u00ab Eh bien, c\u2019est maintenant le temps vraiment favorable ; c\u2019est maintenant le jour du salut. \u00bb<\/em> (1 Co 6.2) Temps d&rsquo;opportunit\u00e9 unique que nous devons s\u00e9rieusement prendre en consid\u00e9ration :<em> \u00ab Aujourd\u2019hui, si, vous entendez sa voix, ne vous obstinez pas, comme lors de la r\u00e9volte. \u00bb<\/em> (H\u00e9 3.15)<\/p>\n<p>Que Dieu vous aide aujourd\u2019hui \u00e0 administrer correctement votre vie.<\/p>\n<p><em>(\u00ab\u00a0Mais il y a un Dieu dans les cieux\u00a0\u00bb Carlos Puyol Buil. Ed: Safeliz)<\/em><\/p>\n","protected":false},"excerpt":{"rendered":"<p>De la Cr\u00e9ation au Salut \u00ab Enseigne-nous \u00e0 bien compter nos jours, que nous conduisions notre c\u0153ur avec sagesse. \u00bb (Psaume 90.12) En ces derniers jours de cette ann\u00e9e 2025, il est bon de se pencher sur la signification du temps dans la Bible. Nous pourrons ainsi regarder vers l\u2019arri\u00e8re et vers l\u2019avant avec sagesse, [&hellip;]<\/p>\n","protected":false},"author":4,"featured_media":0,"comment_status":"open","ping_status":"open","sticky":false,"template":"","format":"standard","meta":{"_exactmetrics_skip_tracking":false,"_exactmetrics_sitenote_active":false,"_exactmetrics_sitenote_note":"","_exactmetrics_sitenote_category":0,"footnotes":""},"categories":[15],"tags":[],"_links":{"self":[{"href":"http:\/\/reveiletreforme.adventiste.re\/index.php?rest_route=\/wp\/v2\/posts\/16788"}],"collection":[{"href":"http:\/\/reveiletreforme.adventiste.re\/index.php?rest_route=\/wp\/v2\/posts"}],"about":[{"href":"http:\/\/reveiletreforme.adventiste.re\/index.php?rest_route=\/wp\/v2\/types\/post"}],"author":[{"embeddable":true,"href":"http:\/\/reveiletreforme.adventiste.re\/index.php?rest_route=\/wp\/v2\/users\/4"}],"replies":[{"embeddable":true,"href":"http:\/\/reveiletreforme.adventiste.re\/index.php?rest_route=%2Fwp%2Fv2%2Fcomments&post=16788"}],"version-history":[{"count":1,"href":"http:\/\/reveiletreforme.adventiste.re\/index.php?rest_route=\/wp\/v2\/posts\/16788\/revisions"}],"predecessor-version":[{"id":16789,"href":"http:\/\/reveiletreforme.adventiste.re\/index.php?rest_route=\/wp\/v2\/posts\/16788\/revisions\/16789"}],"wp:attachment":[{"href":"http:\/\/reveiletreforme.adventiste.re\/index.php?rest_route=%2Fwp%2Fv2%2Fmedia&parent=16788"}],"wp:term":[{"taxonomy":"category","embeddable":true,"href":"http:\/\/reveiletreforme.adventiste.re\/index.php?rest_route=%2Fwp%2Fv2%2Fcategories&post=16788"},{"taxonomy":"post_tag","embeddable":true,"href":"http:\/\/reveiletreforme.adventiste.re\/index.php?rest_route=%2Fwp%2Fv2%2Ftags&post=16788"}],"curies":[{"name":"wp","href":"https:\/\/api.w.org\/{rel}","templated":true}]}}