{"id":16790,"date":"2025-12-30T00:30:00","date_gmt":"2025-12-29T20:30:00","guid":{"rendered":"http:\/\/reveiletreforme.adventiste.re\/?p=16790"},"modified":"2025-12-29T19:10:46","modified_gmt":"2025-12-29T15:10:46","slug":"vigile-matinale-du-30-decembre-6","status":"publish","type":"post","link":"http:\/\/reveiletreforme.adventiste.re\/?p=16790","title":{"rendered":"Vigile matinale du 30 D\u00e9cembre"},"content":{"rendered":"<h4 style=\"text-align: center;\">Le temps ne sera plus<\/h4>\n<p style=\"text-align: center;\"><strong>\u00ab\u00a0Alors l&rsquo;ange que j&rsquo;avais vu debout sur la mer : et sur la terre leva la main droite vers le ciel et jura par celui qui vit \u00e0 tout jamais, qui a cr\u00e9\u00e9 le ciel et ce qui s\u2019y trouve, la mer et ce qui s\u2019y trouve : il n&rsquo;y aura plus de d\u00e9lai ! \u00bb <em>(Apocalypse 10.5-6)<\/em><\/strong><\/p>\n<p>Il y a toujours trois dimensions importantes du temps qui nous concernent particuli\u00e8rement, nous chr\u00e9tiens. Premi\u00e8rement, le temps d\u00e9limit\u00e9 saint, b\u00e9ni, de repos, temps \u00e0 garder : le sabbat, mis de c\u00f4t\u00e9 par le Cr\u00e9ateur pour que l&rsquo;humanit\u00e9 se rapproche p\u00e9riodiquement de lui, l\u2019adore et qui \u00e9tait un signe de sanctification entre les hommes et Dieu. Le sabbat s\u2019est converti aujourd\u2019hui, en raison de l\u2019observance g\u00e9n\u00e9ralis\u00e9e du dimanche, en un signe distinctif de ceux qui continuent \u00e0 respecter son caract\u00e8re irr\u00e9vocable du m\u00e9morial de l\u2019acte cr\u00e9ateur et du lien sanctificateur du croyant, acqu\u00e9rant pour lui une valeur apolog\u00e9tique et identificatrice indiscutable.<!--more--><\/p>\n<p>Mais dans l\u2019Ancien Testament comme dans le Nouveau, on parle du temps de la fin ou du temps eschatologique, c\u2019est le temps du jugement investigateur, le temps de l\u2019accomplissement de toutes les choses, temps de spectaculaires signes qui prendra fin avec le retour du Seigneur en ce monde. Pour l&rsquo;\u00c9glise Adventiste, c\u2019est un temps d\u2019action, de proclamation urgente du message. Paul dit \u00e0 l\u2019\u00e9glise : <em>\u00ab D&rsquo;autant que vous savez en quel temps nous sommes : c\u2019est bien l\u2019heure de vous r\u00e9veiller du sommeil, car maintenant le salut est plus proche de nous que lorsque nous sommes venus \u00e0 la foi. \u00bb<\/em> (Rm 13.11) Le temps qu&rsquo;il nous reste est court, les signes de la fin s\u2019acc\u00e9l\u00e8rent vertigineusement et la pr\u00e9dication de l\u2019\u00e9vangile au monde entier n\u2019est pas encore termin\u00e9e. Combien de sons de cloche donnera encore l&rsquo;horloge de Dieu avant qu\u2019elle ne s\u2019arr\u00eate d\u00e9finitivement ?<\/p>\n<p>En effet, l\u2019ange de l\u2019Apocalypse nous annonce que le temps de la cr\u00e9ation est arriv\u00e9 \u00e0 son terme, que la parenth\u00e8se ouverte dans l\u2019\u00e9ternit\u00e9 s\u2019est ferm\u00e9e, le temps de gr\u00e2ce et du salut prend fin, le grand jour du Dieu Tout-puissant s\u2019accomplit ; c\u2019est la fin de l\u2019histoire, de la promesse et de l\u2019attente, c\u2019est la fin de la mort, c\u2019est la vie \u00e9ternelle. Les rachet\u00e9s sont d\u00e9j\u00e0 sur la mer de verre ; tout entre, \u00e0 nouveau, dans la dimension incommensurable de l&rsquo;\u00e9ternit\u00e9, parce que le temps mesurable, le \u00ab\u00a0kr\u00f4nos\u00a0\u00bb, et le temps d&rsquo;opportunit\u00e9, le \u00ab\u00a0kair\u00f4s\u00a0\u00bb, ne seront plus.<\/p>\n<p>Acceptez aujourd\u2019hui le plan de Dieu pour votre vie. Demain ce pourrait \u00eatre trop tard.<\/p>\n<p><em>(\u00ab\u00a0Mais il y a un Dieu dans les cieux\u00a0\u00bb Carlos Puyol Buil. Ed: Safeliz)<\/em><\/p>\n","protected":false},"excerpt":{"rendered":"<p>Le temps ne sera plus \u00ab\u00a0Alors l&rsquo;ange que j&rsquo;avais vu debout sur la mer : et sur la terre leva la main droite vers le ciel et jura par celui qui vit \u00e0 tout jamais, qui a cr\u00e9\u00e9 le ciel et ce qui s\u2019y trouve, la mer et ce qui s\u2019y trouve : il n&rsquo;y [&hellip;]<\/p>\n","protected":false},"author":4,"featured_media":0,"comment_status":"open","ping_status":"open","sticky":false,"template":"","format":"standard","meta":{"_exactmetrics_skip_tracking":false,"_exactmetrics_sitenote_active":false,"_exactmetrics_sitenote_note":"","_exactmetrics_sitenote_category":0,"footnotes":""},"categories":[15],"tags":[],"_links":{"self":[{"href":"http:\/\/reveiletreforme.adventiste.re\/index.php?rest_route=\/wp\/v2\/posts\/16790"}],"collection":[{"href":"http:\/\/reveiletreforme.adventiste.re\/index.php?rest_route=\/wp\/v2\/posts"}],"about":[{"href":"http:\/\/reveiletreforme.adventiste.re\/index.php?rest_route=\/wp\/v2\/types\/post"}],"author":[{"embeddable":true,"href":"http:\/\/reveiletreforme.adventiste.re\/index.php?rest_route=\/wp\/v2\/users\/4"}],"replies":[{"embeddable":true,"href":"http:\/\/reveiletreforme.adventiste.re\/index.php?rest_route=%2Fwp%2Fv2%2Fcomments&post=16790"}],"version-history":[{"count":1,"href":"http:\/\/reveiletreforme.adventiste.re\/index.php?rest_route=\/wp\/v2\/posts\/16790\/revisions"}],"predecessor-version":[{"id":16791,"href":"http:\/\/reveiletreforme.adventiste.re\/index.php?rest_route=\/wp\/v2\/posts\/16790\/revisions\/16791"}],"wp:attachment":[{"href":"http:\/\/reveiletreforme.adventiste.re\/index.php?rest_route=%2Fwp%2Fv2%2Fmedia&parent=16790"}],"wp:term":[{"taxonomy":"category","embeddable":true,"href":"http:\/\/reveiletreforme.adventiste.re\/index.php?rest_route=%2Fwp%2Fv2%2Fcategories&post=16790"},{"taxonomy":"post_tag","embeddable":true,"href":"http:\/\/reveiletreforme.adventiste.re\/index.php?rest_route=%2Fwp%2Fv2%2Ftags&post=16790"}],"curies":[{"name":"wp","href":"https:\/\/api.w.org\/{rel}","templated":true}]}}