{"id":16792,"date":"2025-12-31T00:31:00","date_gmt":"2025-12-30T20:31:00","guid":{"rendered":"http:\/\/reveiletreforme.adventiste.re\/?p=16792"},"modified":"2025-12-30T22:44:44","modified_gmt":"2025-12-30T18:44:44","slug":"vigile-matinale-du-31-decembre-6","status":"publish","type":"post","link":"http:\/\/reveiletreforme.adventiste.re\/?p=16792","title":{"rendered":"Vigile matinale du 31 D\u00e9cembre"},"content":{"rendered":"<h4 style=\"text-align: center;\">Laisse-le encore cette ann\u00e9e !<\/h4>\n<p style=\"text-align: center;\"><strong>\u00ab Le vigneron lui r\u00e9pondit : \u00ab\u00a0Ma\u00eetre, laisse-le encore cette ann\u00e9e, le temps que je creuse tout autour et que j&rsquo;y mette du fumier. Peut-\u00eatre produira-t-il du fruit \u00e0 l&rsquo;avenir ; sinon, tu le couperas\u00a0\u00bb ! \u00bb <em>(Luc 18.8-9)<\/em><\/strong><\/p>\n<p>Georges Steveny et Jean Zurcher furent deux travailleurs importants de la Division Eurafricaine d\u2019alors ; je les aimais et les admirais. Tous deux avaient dirig\u00e9 notre S\u00e9minaire Adventiste de Collonges (France) : tous deux avaient \u00e9t\u00e9 secr\u00e9taires g\u00e9n\u00e9raux de la Division ; tous deux \u00e9taient des th\u00e9ologiens r\u00e9put\u00e9s, auteurs de plusieurs livres, profond\u00e9ment convaincus du message adventiste et d\u00e9fenseurs engag\u00e9s de notre doctrine. <!--more-->J\u2019entretenais avec ces deux pasteurs une relation de sinc\u00e8re amiti\u00e9 et de reconnaissance. L\u2019\u00e9t\u00e9 2000, Georges Steveny, auquel on avait diagnostiqu\u00e9 une maladie incurable, me dit : \u00ab L&rsquo;arr\u00eat brutal de toutes mes activit\u00e9s est arriv\u00e9 comme un rayon tomb\u00e9 du ciel, compl\u00e8tement inattendu. \u00c0 dire vrai, c\u2019est ce qui m\u2019a caus\u00e9 le plus de mal. Mais qu&rsquo;importe si la communion avec Dieu reste intacte ? Nous nous y accrochons ma femme et moi, sachant que les enfants de Dieu, dans leurs d\u00e9tresses, ne sont pas sans secours (\u00c9sa\u00efe 63.9). \u00bb Le Seigneur prolongea sa vie de quatre ann\u00e9es.<\/p>\n<p>En ce qui concerne Zurcher, en 2001 il nous communiqua : \u00ab En ce qui me concerne, je vais devoir cesser mes activit\u00e9s de recherche et d\u2019auteur. Dans quelques jours, j&rsquo;irai \u00e0 l&rsquo;h\u00f4pital de Lausanne (Suisse) pour me faire op\u00e9rer du foie. Il s\u2019agit d\u2019extraire une tumeur canc\u00e9reuse. Le Seigneur dans sa bont\u00e9 fera que toutes choses concourent en faveur de mon r\u00e9tablissement. Je lui demande de me conc\u00e9der la gr\u00e2ce de le servir encore pour quelque temps. \u00bb Et le Seigneur lui offrit encore deux ans de vie.<\/p>\n<p>Le temps de vie des enfants de Dieu est administr\u00e9 par Dieu lui-m\u00eame. Il donna un an de plus au figuier de la parabole. Cette ann\u00e9e de gr\u00e2ce prolong\u00e9e fut un temps providentiel, parce que le vigneron s\u2019engagea \u00e0 multiplier ses efforts pour qu\u2019il donne des fruits. La parabole nous parle de l\u2019intersession, de l\u2019aide, de l\u2019appui efficace, de nouveaux dons et nouvelles opportunit\u00e9s. Le message de la parabole est la promesse et la mis\u00e9ricorde que nous pouvons appliquer au commencement d\u2019une nouvelle ann\u00e9e.<\/p>\n<p>Face \u00e0 l\u2019ann\u00e9e 2026, nous associons nos plans et projets \u00e0 la gr\u00e2ce et \u00e0 la providence divine, et nous entreprenons la nouvelle ann\u00e9e avec une absolue confiance comme le firent Georges et Jean, mes amis, quand ils apprirent qu\u2019il leur restait peu de temps.<\/p>\n<p>Il y a un Dieu dans les cieux&#8230; qui connait la ligne du temps de notre vie. Pour cette raison, vivez aujourd\u2019hui et demain pour l\u2019honorer dans votre vie.<\/p>\n<p><em>(\u00ab\u00a0Mais il y a un Dieu dans les cieux\u00a0\u00bb Carlos Puyol Buil. Ed: Safeliz)<\/em><\/p>\n","protected":false},"excerpt":{"rendered":"<p>Laisse-le encore cette ann\u00e9e ! \u00ab Le vigneron lui r\u00e9pondit : \u00ab\u00a0Ma\u00eetre, laisse-le encore cette ann\u00e9e, le temps que je creuse tout autour et que j&rsquo;y mette du fumier. Peut-\u00eatre produira-t-il du fruit \u00e0 l&rsquo;avenir ; sinon, tu le couperas\u00a0\u00bb ! \u00bb (Luc 18.8-9) Georges Steveny et Jean Zurcher furent deux travailleurs importants de la [&hellip;]<\/p>\n","protected":false},"author":4,"featured_media":0,"comment_status":"open","ping_status":"open","sticky":false,"template":"","format":"standard","meta":{"_exactmetrics_skip_tracking":false,"_exactmetrics_sitenote_active":false,"_exactmetrics_sitenote_note":"","_exactmetrics_sitenote_category":0,"footnotes":""},"categories":[15],"tags":[],"_links":{"self":[{"href":"http:\/\/reveiletreforme.adventiste.re\/index.php?rest_route=\/wp\/v2\/posts\/16792"}],"collection":[{"href":"http:\/\/reveiletreforme.adventiste.re\/index.php?rest_route=\/wp\/v2\/posts"}],"about":[{"href":"http:\/\/reveiletreforme.adventiste.re\/index.php?rest_route=\/wp\/v2\/types\/post"}],"author":[{"embeddable":true,"href":"http:\/\/reveiletreforme.adventiste.re\/index.php?rest_route=\/wp\/v2\/users\/4"}],"replies":[{"embeddable":true,"href":"http:\/\/reveiletreforme.adventiste.re\/index.php?rest_route=%2Fwp%2Fv2%2Fcomments&post=16792"}],"version-history":[{"count":1,"href":"http:\/\/reveiletreforme.adventiste.re\/index.php?rest_route=\/wp\/v2\/posts\/16792\/revisions"}],"predecessor-version":[{"id":16793,"href":"http:\/\/reveiletreforme.adventiste.re\/index.php?rest_route=\/wp\/v2\/posts\/16792\/revisions\/16793"}],"wp:attachment":[{"href":"http:\/\/reveiletreforme.adventiste.re\/index.php?rest_route=%2Fwp%2Fv2%2Fmedia&parent=16792"}],"wp:term":[{"taxonomy":"category","embeddable":true,"href":"http:\/\/reveiletreforme.adventiste.re\/index.php?rest_route=%2Fwp%2Fv2%2Fcategories&post=16792"},{"taxonomy":"post_tag","embeddable":true,"href":"http:\/\/reveiletreforme.adventiste.re\/index.php?rest_route=%2Fwp%2Fv2%2Ftags&post=16792"}],"curies":[{"name":"wp","href":"https:\/\/api.w.org\/{rel}","templated":true}]}}