{"id":16794,"date":"2026-01-01T00:01:00","date_gmt":"2025-12-31T20:01:00","guid":{"rendered":"http:\/\/reveiletreforme.adventiste.re\/?p=16794"},"modified":"2025-12-30T22:58:51","modified_gmt":"2025-12-30T18:58:51","slug":"vigile-matinale-du-1er-janvier-2","status":"publish","type":"post","link":"http:\/\/reveiletreforme.adventiste.re\/?p=16794","title":{"rendered":"Vigile matinale du 1er Janvier"},"content":{"rendered":"<h4 style=\"text-align: center;\">Le commencement et la fin<\/h4>\n<p style=\"text-align: center;\"><strong>\u00ab\u00a0Je suis l&rsquo;alpha et l\u2019om\u00e9ga, dit le Seigneur Dieu, celui qui est, qui \u00e9tait, et qui vient, le Tout-Puissant\u00a0\u00bb. <em>Apocalypse 1 : 8.<\/em><\/strong><\/p>\n<p>Il convient bien de commencer cette nouvelle ann\u00e9e par un passage qui repr\u00e9sente le Seigneur du temps et de l\u2019espace. Ce fascinant portrait du Christ revient quatre fois dans la Bible, uniquement dans le livre de l\u2019Apocalypse.<!--more--> Ce titre vient de la premi\u00e8re et de la derni\u00e8re lettre de l\u2019alphabet grec. En tant qu\u2019alpha, Christ est \u00e0 l\u2019origine du don de la vie. Il est la source d\u2019o\u00f9 coulent les flots de v\u00e9rit\u00e9 et de gr\u00e2ce. En tant qu\u2019om\u00e9ga, il est la r\u00e9alisation de tous nos espoirs, de toutes nos aspirations. Tout, dans la vie, trouve une r\u00e9ponse en Celui qui est le premier et le dernier. En se d\u00e9signant ainsi lui-m\u00eame, Christ se montre comme le supr\u00eame JE SUIS. Par cet attribut hors du temps, J\u00e9sus affirme \u00e0 son peuple qu\u2019il est le seul Sauveur, toujours proche, toujours pr\u00eat \u00e0 nous secourir.<\/p>\n<p>Ce portrait implique que Christ est plus que l\u2019alpha et l\u2019om\u00e9ga. Il est \u00e9galement toutes les autres lettres de l\u2019alphabet. J\u00e9sus est le centre et la circonf\u00e9rence de toutes choses ; il domine le pass\u00e9, le pr\u00e9sent et l\u2019avenir. Il est significatif de commencer l\u2019ann\u00e9e par la puissante affirmation que toute l\u2019histoire a pour axe Celui <em>\u00ab qui est, qui \u00e9tait, et qui vient, le Tout-Puissant \u00bb.<\/em> Cette d\u00e9claration \u00e9voque l&rsquo;apparition extraordinaire du Christ dans l\u2019histoire de l&rsquo;humanit\u00e9, son salut plein et entier, sa pr\u00e9sence dans notre vie aujourd\u2019hui, et la parfaite assurance qu\u2019il reviendra bient\u00f4t en ma\u00eetre incontest\u00e9 de l\u2019univers.<\/p>\n<p>En contemplant ce portrait frappant de notre Seigneur, nous nous souvenons de ce commentaire inspir\u00e9 : \u00ab C\u2019est \u00e0 lui que nous devons chaque rayon de lumi\u00e8re divine destin\u00e9 aux hommes. Dans le plan de la r\u00e9demption, c\u2019est lui l\u2019Alpha et l\u2019Om\u00e9ga, le premier et le dernier. \u00bb (Patriarches et proph\u00e8tes, p. 344.)<\/p>\n<p>Ma pri\u00e8re en ce jour : Seigneur, puisse l\u2019alpha et l\u2019om\u00e9ga \u00eatre avec moi \u00e0 l\u2019aube de cette nouvelle ann\u00e9e. Amen!<\/p>\n<p><em>(\u00ab\u00a0Portrait de J\u00e9sus\u00a0\u00bb George W. Brown. Ed\u00a0: IDPA)<\/em><\/p>\n","protected":false},"excerpt":{"rendered":"<p>Le commencement et la fin \u00ab\u00a0Je suis l&rsquo;alpha et l\u2019om\u00e9ga, dit le Seigneur Dieu, celui qui est, qui \u00e9tait, et qui vient, le Tout-Puissant\u00a0\u00bb. Apocalypse 1 : 8. Il convient bien de commencer cette nouvelle ann\u00e9e par un passage qui repr\u00e9sente le Seigneur du temps et de l\u2019espace. Ce fascinant portrait du Christ revient quatre [&hellip;]<\/p>\n","protected":false},"author":4,"featured_media":0,"comment_status":"open","ping_status":"open","sticky":false,"template":"","format":"standard","meta":{"_exactmetrics_skip_tracking":false,"_exactmetrics_sitenote_active":false,"_exactmetrics_sitenote_note":"","_exactmetrics_sitenote_category":0,"footnotes":""},"categories":[15],"tags":[],"_links":{"self":[{"href":"http:\/\/reveiletreforme.adventiste.re\/index.php?rest_route=\/wp\/v2\/posts\/16794"}],"collection":[{"href":"http:\/\/reveiletreforme.adventiste.re\/index.php?rest_route=\/wp\/v2\/posts"}],"about":[{"href":"http:\/\/reveiletreforme.adventiste.re\/index.php?rest_route=\/wp\/v2\/types\/post"}],"author":[{"embeddable":true,"href":"http:\/\/reveiletreforme.adventiste.re\/index.php?rest_route=\/wp\/v2\/users\/4"}],"replies":[{"embeddable":true,"href":"http:\/\/reveiletreforme.adventiste.re\/index.php?rest_route=%2Fwp%2Fv2%2Fcomments&post=16794"}],"version-history":[{"count":1,"href":"http:\/\/reveiletreforme.adventiste.re\/index.php?rest_route=\/wp\/v2\/posts\/16794\/revisions"}],"predecessor-version":[{"id":16795,"href":"http:\/\/reveiletreforme.adventiste.re\/index.php?rest_route=\/wp\/v2\/posts\/16794\/revisions\/16795"}],"wp:attachment":[{"href":"http:\/\/reveiletreforme.adventiste.re\/index.php?rest_route=%2Fwp%2Fv2%2Fmedia&parent=16794"}],"wp:term":[{"taxonomy":"category","embeddable":true,"href":"http:\/\/reveiletreforme.adventiste.re\/index.php?rest_route=%2Fwp%2Fv2%2Fcategories&post=16794"},{"taxonomy":"post_tag","embeddable":true,"href":"http:\/\/reveiletreforme.adventiste.re\/index.php?rest_route=%2Fwp%2Fv2%2Ftags&post=16794"}],"curies":[{"name":"wp","href":"https:\/\/api.w.org\/{rel}","templated":true}]}}