{"id":16799,"date":"2026-01-02T00:02:00","date_gmt":"2026-01-01T20:02:00","guid":{"rendered":"http:\/\/reveiletreforme.adventiste.re\/?p=16799"},"modified":"2026-01-02T00:30:23","modified_gmt":"2026-01-01T20:30:23","slug":"vigile-matinale-du-02-janvier-4","status":"publish","type":"post","link":"http:\/\/reveiletreforme.adventiste.re\/?p=16799","title":{"rendered":"Vigile matinale du 02 Janvier"},"content":{"rendered":"<h4 style=\"text-align: center;\">L&rsquo;auteur d\u2019un salut \u00e9ternel<\/h4>\n<p style=\"text-align: center;\"><strong>\u00ab\u00a0Apr\u00e8s avoir \u00e9t\u00e9 \u00e9lev\u00e9 \u00e0 la perfection, il est devenu pour tous ceux qui lui ob\u00e9issent l\u2019auteur d\u2019un salut \u00e9ternel\u00a0\u00bb. <em>H\u00e9breux 5 : 9<\/em><\/strong><\/p>\n<p>Ce portrait de J\u00e9sus l\u2019identifie comme la source et la raison du salut. En lui s\u2019accomplit la strat\u00e9gie de la r\u00e9demption \u00e9labor\u00e9e avant la fondation du monde. En vertu de son incarnation, de sa vie sans p\u00e9ch\u00e9, de sa mort, de sa r\u00e9surrection et de sa triomphante glorification, il est la source du salut. Le salut \u00e9ternel est en J\u00e9sus-Christ, qui est un avec le P\u00e8re. Hors de lui, il n\u2019y a point de salut. S\u2019adressant au sanh\u00e9drin peu apr\u00e8s son arrestation, Pierre commen\u00e7a par l\u2019attester : <em>\u00ab Il n\u2019y a de salut en aucun autre ; car il n\u2019y a sous le ciel aucun autre nom qui ait \u00e9t\u00e9 donn\u00e9 parmi les hommes, par lequel nous devions \u00eatre sauv\u00e9s. \u00bb<\/em> (Actes 4 : 12.)<!--more--><\/p>\n<p>Ce titre impressionnant, auteur d\u2019un salut \u00e9ternel, identifie l\u2019origine, la nature et la permanence de notre salut. C\u2019est le salut qui commence en Christ, demeure \u00e0 jamais et embrasse ceux qui, par la foi, l\u2019acceptent en don gratuit et imm\u00e9rit\u00e9. Nous trouvons en ce portrait de notre pr\u00e9cieux Sauveur l\u2019assurance que notre salut est complet et durable. J\u00e9sus nous invite aujourd\u2019hui \u00e0 jeter un nouveau regard sur lui en tant que source et donateur du salut. Par les m\u00e9rites de notre Seigneur crucifi\u00e9, ressuscit\u00e9 et mont\u00e9 au ciel, nous pouvons avec confiance nous r\u00e9clamer de la promesse d\u2019un salut \u00e9ternel.<\/p>\n<p>Ce salut simple et suffisant est r\u00e9affirm\u00e9 dans cette d\u00e9claration \u00e9loquente : \u00ab Le Christ est venu enseigner la voie du salut \u00e0 la famille humaine, et il l\u2019a fait d\u2019une fa\u00e7on si parfaite qu\u2019un petit enfant peut y marcher. \u00bb (Messages \u00e0 la jeunesse, p. 15.) En m\u00e9ditant devant le portrait de l\u2019auteur d\u2019un salut \u00e9ternel, puissions-nous saisir une vision renouvel\u00e9e de sa puissance pour sauver quiconque vient \u00e0 lui avec une foi vivante et lui abandonne tout son \u00eatre.<\/p>\n<p>Ma pri\u00e8re en ce jour : Seigneur, je suis encourag\u00e9 par l\u2019assurance que mon salut est complet en Christ. Amen !<\/p>\n<p><em>(\u00ab\u00a0Portrait de J\u00e9sus\u00a0\u00bb George W. Brown. Ed\u00a0:IDPA)<\/em><\/p>\n","protected":false},"excerpt":{"rendered":"<p>L&rsquo;auteur d\u2019un salut \u00e9ternel \u00ab\u00a0Apr\u00e8s avoir \u00e9t\u00e9 \u00e9lev\u00e9 \u00e0 la perfection, il est devenu pour tous ceux qui lui ob\u00e9issent l\u2019auteur d\u2019un salut \u00e9ternel\u00a0\u00bb. H\u00e9breux 5 : 9 Ce portrait de J\u00e9sus l\u2019identifie comme la source et la raison du salut. En lui s\u2019accomplit la strat\u00e9gie de la r\u00e9demption \u00e9labor\u00e9e avant la fondation du monde. [&hellip;]<\/p>\n","protected":false},"author":4,"featured_media":0,"comment_status":"open","ping_status":"open","sticky":false,"template":"","format":"standard","meta":{"_exactmetrics_skip_tracking":false,"_exactmetrics_sitenote_active":false,"_exactmetrics_sitenote_note":"","_exactmetrics_sitenote_category":0,"footnotes":""},"categories":[15],"tags":[],"_links":{"self":[{"href":"http:\/\/reveiletreforme.adventiste.re\/index.php?rest_route=\/wp\/v2\/posts\/16799"}],"collection":[{"href":"http:\/\/reveiletreforme.adventiste.re\/index.php?rest_route=\/wp\/v2\/posts"}],"about":[{"href":"http:\/\/reveiletreforme.adventiste.re\/index.php?rest_route=\/wp\/v2\/types\/post"}],"author":[{"embeddable":true,"href":"http:\/\/reveiletreforme.adventiste.re\/index.php?rest_route=\/wp\/v2\/users\/4"}],"replies":[{"embeddable":true,"href":"http:\/\/reveiletreforme.adventiste.re\/index.php?rest_route=%2Fwp%2Fv2%2Fcomments&post=16799"}],"version-history":[{"count":1,"href":"http:\/\/reveiletreforme.adventiste.re\/index.php?rest_route=\/wp\/v2\/posts\/16799\/revisions"}],"predecessor-version":[{"id":16800,"href":"http:\/\/reveiletreforme.adventiste.re\/index.php?rest_route=\/wp\/v2\/posts\/16799\/revisions\/16800"}],"wp:attachment":[{"href":"http:\/\/reveiletreforme.adventiste.re\/index.php?rest_route=%2Fwp%2Fv2%2Fmedia&parent=16799"}],"wp:term":[{"taxonomy":"category","embeddable":true,"href":"http:\/\/reveiletreforme.adventiste.re\/index.php?rest_route=%2Fwp%2Fv2%2Fcategories&post=16799"},{"taxonomy":"post_tag","embeddable":true,"href":"http:\/\/reveiletreforme.adventiste.re\/index.php?rest_route=%2Fwp%2Fv2%2Ftags&post=16799"}],"curies":[{"name":"wp","href":"https:\/\/api.w.org\/{rel}","templated":true}]}}