{"id":16804,"date":"2026-01-05T00:05:00","date_gmt":"2026-01-04T20:05:00","guid":{"rendered":"http:\/\/reveiletreforme.adventiste.re\/?p=16804"},"modified":"2026-01-04T21:59:35","modified_gmt":"2026-01-04T17:59:35","slug":"vigile-matinale-du-05-janvier-3","status":"publish","type":"post","link":"http:\/\/reveiletreforme.adventiste.re\/?p=16804","title":{"rendered":"Vigile matinale du 05 Janvier"},"content":{"rendered":"<h4 style=\"text-align: center;\">Le pain de vie<\/h4>\n<p style=\"text-align: center;\"><strong>\u00ab\u00a0J\u00e9sus leur dit : Je suis le pain de vie. Celui qui vient \u00e0 moi n&rsquo;aura jamais faim\u00a0\u00bb. <em>Jean 6 : 35<\/em><\/strong><\/p>\n<p>Parmi les d\u00e9signations que Christ lui-m\u00eame se donna, celle du pain de vie est particuli\u00e8rement profonde. Cette image \u00e9tait tout sp\u00e9cialement famili\u00e8re aux auditeurs du Christ. Mais ce qui les frappait, c\u2019\u00e9tait que J\u00e9sus appliquait \u00e0 sa personne le symbole de la f\u00eate juive de la P\u00e2que et des pains sans levain, ainsi que du remarquable miracle de la multiplication des pains et des poissons (Jean 6 : 1-14). J\u00e9sus voulut montrer que les pains et les poissons dont il nourrit la multitude ne pouvaient satisfaire que leur estomac. Ils auraient de nouveau faim, maintes et maintes fois. Mais le pain de vie \u00e9tait diff\u00e9rent. Il apaiserait d\u00e9finitivement leur faim. Le pain de vie contient tous les \u00e9l\u00e9ments n\u00e9cessaires \u00e0 la vie, \u00e0 la sant\u00e9 et \u00e0 la vitalit\u00e9 spirituelles.<!--more--><\/p>\n<p>L&rsquo;image du pain joue un r\u00f4le important dans l\u2019\u00e9vangile de Jean. J\u00e9sus-Christ y est appel\u00e9 dix fois le pain de vie. Christ est repr\u00e9sent\u00e9 comme le pain venu du ciel, le pain qui donne la vie et rassasie la faim spirituelle. Christ n\u2019est pas seulement le pain qui rassasie, il est le pain de vie. J\u00e9sus affirme qu\u2019il a <em>\u00ab la vie en lui-m\u00eame \u00bb<\/em> (Jean 5 : 26). Il poss\u00e8de la facult\u00e9 de donner la vie \u00e0 tous ceux qui vont \u00e0 lui par la foi.<\/p>\n<p>Le pain ordinaire ne fait du bien, ne soutient la vie que s\u2019il est mang\u00e9, dig\u00e9r\u00e9 et assimil\u00e9. De m\u00eame, Christ, le pain vivant venu du ciel, doit \u00eatre mang\u00e9, dig\u00e9r\u00e9 et assimil\u00e9 dans notre caract\u00e8re. Les disciples de J\u00e9sus ne doivent pas cesser d\u2019entretenir leur vie spirituelle en se nourrissant de Celui qui est le pain de vie. \u00ab Notre Sauveur est le pain de vie ; c\u2019est en l\u2019accueillant dans notre \u00e2me que nous mangeons vraiment le pain qui est descendu du ciel. \u00bb (Une vie meilleure, p. 133.)<\/p>\n<p>Ma-pri\u00e8re en ce jour : Seigneur, en toute simplicit\u00e9 de foi, je te prie: Pain du ciel, nourris-moi \u00e0 sati\u00e9t\u00e9. Amen !<\/p>\n<p><em>(\u00ab\u00a0Portrait de J\u00e9sus\u00a0\u00bb George W. Brown. Ed\u00a0:IDPA)<\/em><\/p>\n","protected":false},"excerpt":{"rendered":"<p>Le pain de vie \u00ab\u00a0J\u00e9sus leur dit : Je suis le pain de vie. Celui qui vient \u00e0 moi n&rsquo;aura jamais faim\u00a0\u00bb. Jean 6 : 35 Parmi les d\u00e9signations que Christ lui-m\u00eame se donna, celle du pain de vie est particuli\u00e8rement profonde. Cette image \u00e9tait tout sp\u00e9cialement famili\u00e8re aux auditeurs du Christ. Mais ce qui [&hellip;]<\/p>\n","protected":false},"author":4,"featured_media":0,"comment_status":"open","ping_status":"open","sticky":false,"template":"","format":"standard","meta":{"_exactmetrics_skip_tracking":false,"_exactmetrics_sitenote_active":false,"_exactmetrics_sitenote_note":"","_exactmetrics_sitenote_category":0,"footnotes":""},"categories":[15],"tags":[],"_links":{"self":[{"href":"http:\/\/reveiletreforme.adventiste.re\/index.php?rest_route=\/wp\/v2\/posts\/16804"}],"collection":[{"href":"http:\/\/reveiletreforme.adventiste.re\/index.php?rest_route=\/wp\/v2\/posts"}],"about":[{"href":"http:\/\/reveiletreforme.adventiste.re\/index.php?rest_route=\/wp\/v2\/types\/post"}],"author":[{"embeddable":true,"href":"http:\/\/reveiletreforme.adventiste.re\/index.php?rest_route=\/wp\/v2\/users\/4"}],"replies":[{"embeddable":true,"href":"http:\/\/reveiletreforme.adventiste.re\/index.php?rest_route=%2Fwp%2Fv2%2Fcomments&post=16804"}],"version-history":[{"count":1,"href":"http:\/\/reveiletreforme.adventiste.re\/index.php?rest_route=\/wp\/v2\/posts\/16804\/revisions"}],"predecessor-version":[{"id":16805,"href":"http:\/\/reveiletreforme.adventiste.re\/index.php?rest_route=\/wp\/v2\/posts\/16804\/revisions\/16805"}],"wp:attachment":[{"href":"http:\/\/reveiletreforme.adventiste.re\/index.php?rest_route=%2Fwp%2Fv2%2Fmedia&parent=16804"}],"wp:term":[{"taxonomy":"category","embeddable":true,"href":"http:\/\/reveiletreforme.adventiste.re\/index.php?rest_route=%2Fwp%2Fv2%2Fcategories&post=16804"},{"taxonomy":"post_tag","embeddable":true,"href":"http:\/\/reveiletreforme.adventiste.re\/index.php?rest_route=%2Fwp%2Fv2%2Ftags&post=16804"}],"curies":[{"name":"wp","href":"https:\/\/api.w.org\/{rel}","templated":true}]}}