{"id":16806,"date":"2026-01-06T00:06:00","date_gmt":"2026-01-05T20:06:00","guid":{"rendered":"http:\/\/reveiletreforme.adventiste.re\/?p=16806"},"modified":"2026-01-05T23:39:01","modified_gmt":"2026-01-05T19:39:01","slug":"vigile-matinale-du-06-janvier-3","status":"publish","type":"post","link":"http:\/\/reveiletreforme.adventiste.re\/?p=16806","title":{"rendered":"Vigile matinale du 06 Janvier"},"content":{"rendered":"<h4 style=\"text-align: center;\">L\u2019\u00e9toile brillante du matin<\/h4>\n<p style=\"text-align: center;\"><strong>\u00ab Moi J\u00e9sus, j&rsquo;ai envoy\u00e9 mon ange pour vous attester ces choses dans les \u00c9glises. Je suis&#8230; l&rsquo;\u00e9toile brillante du matin \u00bb. <em>Apocalypse 22 : 16<\/em><\/strong><\/p>\n<p>Le dernier message du livre de l\u2019Apocalypse d\u00e9crit la splendeur et les merveilles du nouveau monde harmonieux qui surgira quand Christ renouvellera toutes choses. Dans ce cadre impressionnant, J\u00e9sus d\u00e9clare \u00e0 son peuple qu\u2019il est l\u2019\u00e9toile brillante du matin en ce nouvel ordre \u00e9d\u00e9nique. Cette affirmation est particuli\u00e8rement significative, car l\u2019\u00e9toile du matin est toujours la plus brillante dans l\u2019obscurit\u00e9 qui pr\u00e9c\u00e8de imm\u00e9diatement l\u2019aube du jour.<!--more--><\/p>\n<p>L&rsquo;\u00e9toile du matin annonce dans le ciel le d\u00e9but d\u2019une autre journ\u00e9e. Elle \u00e9voque des pens\u00e9es d\u2019espoir, d\u2019anticipation, de m\u00eame que la joie d\u2019un nouveau commencement. L&rsquo;\u00e9toile du matin dissipe les t\u00e9n\u00e8bres de la nuit et annonce la majest\u00e9 de l\u2019aurore. L&rsquo;\u00e9toile du matin inspire l\u2019espoir apr\u00e8s une longue nuit d\u2019attente.<\/p>\n<p><em>\u00ab Lorsque les temps ont \u00e9t\u00e9 accomplis \u00bb<\/em> (Gal. 4 : 4), Christ est venu, le Messie longtemps attendu, le Sauveur du monde. Il convenait que Bethl\u00e9em, le lieu de sa naissance, soit indiqu\u00e9 par une \u00e9toile directrice. Le premier av\u00e8nement du Christ fut le joyeux accomplissement de la proph\u00e9tie messianique de la brillante \u00e9toile du matin. Sa venue signifiait le salut pour tous ceux qui croiraient en lui et l\u2019accepteraient comme leur Sauveur et Seigneur.<\/p>\n<p>Tandis que nous attendons l\u2019aurore du jour b\u00e9ni de Dieu, puissent ces paroles rassurantes nous encourager : \u00ab Christ est la brillante \u00e9toile du matin qui resplendit au sein des t\u00e9n\u00e8bres morales de ce monde d\u00e9prav\u00e9 et corrompu. Il est la lumi\u00e8re du monde, et tous ceux qui lui donnent leur c\u0153ur trouveront la paix, le repos et la joie. \u00bb (Mind, Character, and Personality, vol. 2, p. 804.)<\/p>\n<p>Ma pri\u00e8re en ce jour : Seigneur, puisse la brillante \u00e9toile du matin m\u2019insuffler l\u2019espoir pour demain. Amen !<\/p>\n<p><em>(\u00ab Portrait de J\u00e9sus \u00bb George W. Brown. Ed : IDPA)<\/em><\/p>\n","protected":false},"excerpt":{"rendered":"<p>L\u2019\u00e9toile brillante du matin \u00ab Moi J\u00e9sus, j&rsquo;ai envoy\u00e9 mon ange pour vous attester ces choses dans les \u00c9glises. Je suis&#8230; l&rsquo;\u00e9toile brillante du matin \u00bb. Apocalypse 22 : 16 Le dernier message du livre de l\u2019Apocalypse d\u00e9crit la splendeur et les merveilles du nouveau monde harmonieux qui surgira quand Christ renouvellera toutes choses. Dans [&hellip;]<\/p>\n","protected":false},"author":4,"featured_media":0,"comment_status":"open","ping_status":"open","sticky":false,"template":"","format":"standard","meta":{"_exactmetrics_skip_tracking":false,"_exactmetrics_sitenote_active":false,"_exactmetrics_sitenote_note":"","_exactmetrics_sitenote_category":0,"footnotes":""},"categories":[15],"tags":[],"_links":{"self":[{"href":"http:\/\/reveiletreforme.adventiste.re\/index.php?rest_route=\/wp\/v2\/posts\/16806"}],"collection":[{"href":"http:\/\/reveiletreforme.adventiste.re\/index.php?rest_route=\/wp\/v2\/posts"}],"about":[{"href":"http:\/\/reveiletreforme.adventiste.re\/index.php?rest_route=\/wp\/v2\/types\/post"}],"author":[{"embeddable":true,"href":"http:\/\/reveiletreforme.adventiste.re\/index.php?rest_route=\/wp\/v2\/users\/4"}],"replies":[{"embeddable":true,"href":"http:\/\/reveiletreforme.adventiste.re\/index.php?rest_route=%2Fwp%2Fv2%2Fcomments&post=16806"}],"version-history":[{"count":1,"href":"http:\/\/reveiletreforme.adventiste.re\/index.php?rest_route=\/wp\/v2\/posts\/16806\/revisions"}],"predecessor-version":[{"id":16807,"href":"http:\/\/reveiletreforme.adventiste.re\/index.php?rest_route=\/wp\/v2\/posts\/16806\/revisions\/16807"}],"wp:attachment":[{"href":"http:\/\/reveiletreforme.adventiste.re\/index.php?rest_route=%2Fwp%2Fv2%2Fmedia&parent=16806"}],"wp:term":[{"taxonomy":"category","embeddable":true,"href":"http:\/\/reveiletreforme.adventiste.re\/index.php?rest_route=%2Fwp%2Fv2%2Fcategories&post=16806"},{"taxonomy":"post_tag","embeddable":true,"href":"http:\/\/reveiletreforme.adventiste.re\/index.php?rest_route=%2Fwp%2Fv2%2Ftags&post=16806"}],"curies":[{"name":"wp","href":"https:\/\/api.w.org\/{rel}","templated":true}]}}