{"id":16809,"date":"2026-01-07T00:07:00","date_gmt":"2026-01-06T20:07:00","guid":{"rendered":"http:\/\/reveiletreforme.adventiste.re\/?p=16809"},"modified":"2026-01-06T21:40:41","modified_gmt":"2026-01-06T17:40:41","slug":"vigile-matinale-du-07-janvier-3","status":"publish","type":"post","link":"http:\/\/reveiletreforme.adventiste.re\/?p=16809","title":{"rendered":"Vigile matinale du 07 Janvier"},"content":{"rendered":"<h4 style=\"text-align: center;\">La pierre angulaire<\/h4>\n<p style=\"text-align: center;\"><strong>\u00ab\u00a0Voici, je mets en Sion une pierre angulaire, choisie, pr\u00e9cieuse ; et celui qui croit en elle ne sera point confus\u00a0\u00bb. <em>1 Pierre 2 : 6<\/em><\/strong><\/p>\n<p>La pierre angulaire est la plus importante d\u2019un \u00e9difice. C\u2019est la pierre qui aligne la superstructure sur la fondation ; c\u2019est celle qui ancre les murs. La r\u00e9sistance de toute la construction d\u00e9pend enti\u00e8rement de la pierre angulaire. Elle commande tout l&rsquo;\u00e9difice, lui donnant ordre, force et sym\u00e9trie. Christ est tout cela, et davantage, pour son \u00c9glise.<!--more--><\/p>\n<p>Pierre voit en Christ la pierre de l\u2019angle. Il voit en lui la beaut\u00e9, la force, l\u2019ordre, la coh\u00e9sion. Quel impressionnant portrait de J\u00e9sus-Christ ! Il est indubitable qu\u2019en d\u00e9crivant J\u00e9sus comme la pierre angulaire, Pierre se souvenait de la puissante d\u00e9claration de son Ma\u00eetre : <em>\u00ab Sur ce roc je b\u00e2tirai mon \u00c9glise, et&#8230; les portes du s\u00e9jour des morts ne pr\u00e9vaudront point contre elle. \u00bb<\/em> (Mat. 16 : 18.)<\/p>\n<p>Se servant de la m\u00eame m\u00e9taphore, l\u2019ap\u00f4tre Paul \u00e9crit : <em>\u00ab J\u00e9sus-Christ lui-m\u00eame [est] la pierre angulaire. En lui tout l\u2019\u00e9difice, bien coordonn\u00e9, s\u2019\u00e9l\u00e8ve pour \u00eatre un temple saint. \u00bb <\/em>(Eph. 2 : 20, 21.) L&rsquo;accent ici est mis sur les qualit\u00e9s de la pierre angulaire pour stabiliser le b\u00e2timent. Christ n\u2019est pas seulement la pierre angulaire qui fortifie, unit et embellit son \u00c9glise. Il d\u00e9sire aussi \u00eatre la pierre angulaire dans la vie et le foyer de chaque croyant. Puissions-nous, en tant que pierres vivantes, refl\u00e9ter la force et l&rsquo;harmonie inspir\u00e9es par la pierre angulaire.<\/p>\n<p>Voici une pr\u00e9cieuse pens\u00e9e \u00e0 m\u00e9diter aujourd\u2019hui : \u00ab Nous voyons Christ habiter dans le c\u0153ur des siens. Les croyants sont \u201c \u00e9difi\u00e9s sur le fondement des ap\u00f4tres et des proph\u00e8tes, J\u00e9sus-Christ lui-m\u00eame \u00e9tant la pierre angulaire \u201d. \u00bb (Testimonies, vol. 5, p. 291.)<\/p>\n<p>Ma pri\u00e8re en ce jour : Seigneur, je te remercie pour Christ, la pierre angulaire. Donne-moi de b\u00e2tir fermement sur ce solide fondement. Amen !<\/p>\n<p><em>(\u00ab\u00a0Portrait de J\u00e9sus\u00a0\u00bb George W. Brown. Ed: IDPA)<\/em><\/p>\n","protected":false},"excerpt":{"rendered":"<p>La pierre angulaire \u00ab\u00a0Voici, je mets en Sion une pierre angulaire, choisie, pr\u00e9cieuse ; et celui qui croit en elle ne sera point confus\u00a0\u00bb. 1 Pierre 2 : 6 La pierre angulaire est la plus importante d\u2019un \u00e9difice. C\u2019est la pierre qui aligne la superstructure sur la fondation ; c\u2019est celle qui ancre les murs. [&hellip;]<\/p>\n","protected":false},"author":4,"featured_media":0,"comment_status":"open","ping_status":"open","sticky":false,"template":"","format":"standard","meta":{"_exactmetrics_skip_tracking":false,"_exactmetrics_sitenote_active":false,"_exactmetrics_sitenote_note":"","_exactmetrics_sitenote_category":0,"footnotes":""},"categories":[15],"tags":[],"_links":{"self":[{"href":"http:\/\/reveiletreforme.adventiste.re\/index.php?rest_route=\/wp\/v2\/posts\/16809"}],"collection":[{"href":"http:\/\/reveiletreforme.adventiste.re\/index.php?rest_route=\/wp\/v2\/posts"}],"about":[{"href":"http:\/\/reveiletreforme.adventiste.re\/index.php?rest_route=\/wp\/v2\/types\/post"}],"author":[{"embeddable":true,"href":"http:\/\/reveiletreforme.adventiste.re\/index.php?rest_route=\/wp\/v2\/users\/4"}],"replies":[{"embeddable":true,"href":"http:\/\/reveiletreforme.adventiste.re\/index.php?rest_route=%2Fwp%2Fv2%2Fcomments&post=16809"}],"version-history":[{"count":1,"href":"http:\/\/reveiletreforme.adventiste.re\/index.php?rest_route=\/wp\/v2\/posts\/16809\/revisions"}],"predecessor-version":[{"id":16810,"href":"http:\/\/reveiletreforme.adventiste.re\/index.php?rest_route=\/wp\/v2\/posts\/16809\/revisions\/16810"}],"wp:attachment":[{"href":"http:\/\/reveiletreforme.adventiste.re\/index.php?rest_route=%2Fwp%2Fv2%2Fmedia&parent=16809"}],"wp:term":[{"taxonomy":"category","embeddable":true,"href":"http:\/\/reveiletreforme.adventiste.re\/index.php?rest_route=%2Fwp%2Fv2%2Fcategories&post=16809"},{"taxonomy":"post_tag","embeddable":true,"href":"http:\/\/reveiletreforme.adventiste.re\/index.php?rest_route=%2Fwp%2Fv2%2Ftags&post=16809"}],"curies":[{"name":"wp","href":"https:\/\/api.w.org\/{rel}","templated":true}]}}