{"id":16811,"date":"2026-01-08T00:08:00","date_gmt":"2026-01-07T20:08:00","guid":{"rendered":"http:\/\/reveiletreforme.adventiste.re\/?p=16811"},"modified":"2026-01-07T21:07:25","modified_gmt":"2026-01-07T17:07:25","slug":"vigile-matinale-du-08-janvier-3","status":"publish","type":"post","link":"http:\/\/reveiletreforme.adventiste.re\/?p=16811","title":{"rendered":"Vigile matinale du 08 Janvier"},"content":{"rendered":"<h4 style=\"text-align: center;\">La porte<\/h4>\n<p style=\"text-align: center;\"><strong>\u00ab\u00a0Je suis la porte. Si quelqu&rsquo;un entre par moi, il sera sauv\u00e9 ; il entrera et il sortira, et il trouvera des p\u00e2turages\u00a0\u00bb. <em>Jean 10 : 9<\/em><\/strong><\/p>\n<p>La d\u00e9claration de J\u00e9sus, <em>\u00ab je suis la porte \u00bb,<\/em> est une \u00e9clatante affirmation de son acc\u00e8s exclusif aupr\u00e8s de Dieu. \u00ab Le Christ est la porte qui donne acc\u00e8s \u00e0 la bergerie divine. Par cette porte sont entr\u00e9s tous ses enfants, depuis les temps les plus recul\u00e9s. \u00bb (J\u00e9sus-Christ, p. 475.)<!--more--><\/p>\n<p>Le symbolisme de la porte indique l\u2019entr\u00e9e, l\u2019accueil. Christ se repr\u00e9sente comme une porte ouverte que peut passer le p\u00e9cheur dans sa qu\u00eate de d\u00e9livrance et de salut. J\u00e9sus est la porte grande ouverte vers la v\u00e9ritable libert\u00e9, le pardon, une vie triomphante. Il est la porte ouverte qui donne libre acc\u00e8s \u00e0 Dieu et \u00e0 tous les privil\u00e8ges et b\u00e9n\u00e9dictions du salut. Il a promis \u00e0 tous ceux qui passeraient par la porte ouverte qu\u2019ils trouveraient la libert\u00e9, la s\u00e9curit\u00e9 et la protection. La promesse est pleinement garantie par ces paroles : <em>\u00ab Si quelqu&rsquo;un entre par moi, il sera sauv\u00e9. \u00bb<\/em> Quelle merveilleuse assurance trouvons-nous dans ces mots puissants !<\/p>\n<p>J\u00e9sus, la porte ouverte, se tient pr\u00eat \u00e0 accueillir tous ceux qui d\u00e9cident d\u2019aller \u00e0 lui par la foi. Dans son amour et sa tendre compassion, il dit : <em>\u00ab Venez \u00e0 moi, vous tous qui \u00eates fatigu\u00e9s et charg\u00e9s, et je vous donnerai du repos. \u00bb<\/em> (Mat. 11 : 28.) Ceux qui entrent par la porte ouverte de l\u2019\u0153uvre achev\u00e9e du Christ deviennent les heureux b\u00e9n\u00e9ficiaires d\u2019une paix et d\u2019une communion ininterrompues avec Dieu. La porte ouverte offre au croyant une nouvelle vie de victoire et l\u2019assurance de la gr\u00e2ce constante. Ceux qui entrent par la porte ouverte trouveront aupr\u00e8s du bon Berger la nourriture spirituelle en abondance.<\/p>\n<p>Aujourd\u2019hui, la porte est ouverte pour accueillir tous ceux qui d\u00e9sirent entrer et \u00eatre sauv\u00e9s. Louons Dieu parce que J\u00e9sus-Christ est la porte grande ouverte sur les b\u00e9n\u00e9dictions et les privil\u00e8ges de la vie abondante. \u00ab Le Christ est la porte qui donne acc\u00e8s \u00e0 la bergerie divine. Par cette porte sont entr\u00e9s tous ses enfants, depuis les temps les plus recul\u00e9s. \u00bb (J\u00e9sus-Christ, p. 475.)<\/p>\n<p>Ma pri\u00e8re en ce jour : Seigneur, je te remercie pour J\u00e9sus, la porte ouverte sur la vie \u00e9ternelle. Amen !<\/p>\n<p><em>(\u00ab\u00a0Portrait de J\u00e9sus\u00a0\u00bb George W. Brown. Ed: IDPA)<\/em><\/p>\n","protected":false},"excerpt":{"rendered":"<p>La porte \u00ab\u00a0Je suis la porte. Si quelqu&rsquo;un entre par moi, il sera sauv\u00e9 ; il entrera et il sortira, et il trouvera des p\u00e2turages\u00a0\u00bb. Jean 10 : 9 La d\u00e9claration de J\u00e9sus, \u00ab je suis la porte \u00bb, est une \u00e9clatante affirmation de son acc\u00e8s exclusif aupr\u00e8s de Dieu. \u00ab Le Christ est la [&hellip;]<\/p>\n","protected":false},"author":4,"featured_media":0,"comment_status":"open","ping_status":"open","sticky":false,"template":"","format":"standard","meta":{"_exactmetrics_skip_tracking":false,"_exactmetrics_sitenote_active":false,"_exactmetrics_sitenote_note":"","_exactmetrics_sitenote_category":0,"footnotes":""},"categories":[15],"tags":[],"_links":{"self":[{"href":"http:\/\/reveiletreforme.adventiste.re\/index.php?rest_route=\/wp\/v2\/posts\/16811"}],"collection":[{"href":"http:\/\/reveiletreforme.adventiste.re\/index.php?rest_route=\/wp\/v2\/posts"}],"about":[{"href":"http:\/\/reveiletreforme.adventiste.re\/index.php?rest_route=\/wp\/v2\/types\/post"}],"author":[{"embeddable":true,"href":"http:\/\/reveiletreforme.adventiste.re\/index.php?rest_route=\/wp\/v2\/users\/4"}],"replies":[{"embeddable":true,"href":"http:\/\/reveiletreforme.adventiste.re\/index.php?rest_route=%2Fwp%2Fv2%2Fcomments&post=16811"}],"version-history":[{"count":1,"href":"http:\/\/reveiletreforme.adventiste.re\/index.php?rest_route=\/wp\/v2\/posts\/16811\/revisions"}],"predecessor-version":[{"id":16812,"href":"http:\/\/reveiletreforme.adventiste.re\/index.php?rest_route=\/wp\/v2\/posts\/16811\/revisions\/16812"}],"wp:attachment":[{"href":"http:\/\/reveiletreforme.adventiste.re\/index.php?rest_route=%2Fwp%2Fv2%2Fmedia&parent=16811"}],"wp:term":[{"taxonomy":"category","embeddable":true,"href":"http:\/\/reveiletreforme.adventiste.re\/index.php?rest_route=%2Fwp%2Fv2%2Fcategories&post=16811"},{"taxonomy":"post_tag","embeddable":true,"href":"http:\/\/reveiletreforme.adventiste.re\/index.php?rest_route=%2Fwp%2Fv2%2Ftags&post=16811"}],"curies":[{"name":"wp","href":"https:\/\/api.w.org\/{rel}","templated":true}]}}