{"id":16823,"date":"2026-01-11T00:11:00","date_gmt":"2026-01-10T20:11:00","guid":{"rendered":"http:\/\/reveiletreforme.adventiste.re\/?p=16823"},"modified":"2026-01-10T21:37:58","modified_gmt":"2026-01-10T17:37:58","slug":"vigile-matinale-du-11-janvier-4","status":"publish","type":"post","link":"http:\/\/reveiletreforme.adventiste.re\/?p=16823","title":{"rendered":"Vigile matinale du 11 Janvier"},"content":{"rendered":"<h4 style=\"text-align: center;\">Le chef de notre salut<\/h4>\n<p style=\"text-align: center;\"><strong>\u00ab\u00a0Il convenait que Celui pour qui et par qui sont toutes choses, voulant amener beaucoup de fils \u00e0 la gloire, \u00e9lev\u00e2t \u00e0 la perfection, par les souffrances, l\u2019auteur et le chef de leur salut\u00a0\u00bb. <em>H\u00e9breux 2 : 10 (synodale)<\/em><\/strong><\/p>\n<p>Cette m\u00e9taphore d\u00e9peint J\u00e9sus comme la cause et l\u2019origine du salut. J\u00e9sus en tant que chef de notre salut est le R\u00e9dempteur \u00e0 l\u2019\u0153uvre. J\u00e9sus-Christ conduit progressivement ses fid\u00e8les sur le chemin du salut \u2014 de la justification \u00e0 la glorification.<!--more--><\/p>\n<p>En tant que chef de notre salut, Christ conduit ses fils et ses filles le long des \u00e9tapes du salut. Il nous sauve non seulement de la culpabilit\u00e9 et de l\u2019emprise du p\u00e9ch\u00e9 par son sacrifice, mais il nous conduit aussi vers la perfection d\u00e9finitive. Le chef de notre salut conduit son peuple \u00e0 travers les pi\u00e8ges et les terrains min\u00e9s de l\u2019ennemi. Il conna\u00eet \u00e0 fond les champs de bataille et les strat\u00e9gies de notre adversaire. En chef de notre salut, il nous motive, il nous exhorte, il nous encourage, et il nous rend capables de le suivre pour remporter la victoire.<\/p>\n<p>Le verset \u00e0 m\u00e9diter aujourd\u2019hui nous rappelle que Dieu a fait du Christ le chef de notre salut. Il a parcouru le chemin de la cr\u00e8che \u00e0 l&rsquo;ascension. Rien n\u2019a \u00e9t\u00e9 laiss\u00e9 au hasard. Christ s\u2019est charg\u00e9 de notre salut avec une pr\u00e9cision et une exactitude infaillibles.<\/p>\n<p>Tous ceux qui acceptent Christ se joignent \u00e0 son arm\u00e9e. Cette arm\u00e9e est conduite par le chef de notre salut, lui-qui a connu toutes les atrocit\u00e9s du champ de bataille et a remport\u00e9 la victoire. Gr\u00e2ce \u00e0 lui, nous aussi pouvons \u00eatre <em>\u00ab plus que vainqueurs \u00bb<\/em> (Romains 8 : 37). Tandis que nous suivons le chef de notre salut, puisons du courage dans ces mots : \u00ab En \u0153uvrant sous la direction du chef de notre salut, en ob\u00e9issant fid\u00e8lement \u00e0 ses ordres, nous \u00e9difions notre caract\u00e8re. Par ses m\u00e9rites, nous devenons capables d\u2019agir en harmonie avec le noble plan de Dieu. \u00bb (Adventist Review, 12 avril 1898.)<\/p>\n<p>Ma pri\u00e8re en ce jour : Seigneur, puisse le chef de mon salut me conduire \u00e0 la victoire. Amen !<\/p>\n<p><em>(\u00ab\u00a0Portrait de J\u00e9sus\u00a0\u00bb George W. Brown. Ed: IDPA)<\/em><\/p>\n","protected":false},"excerpt":{"rendered":"<p>Le chef de notre salut \u00ab\u00a0Il convenait que Celui pour qui et par qui sont toutes choses, voulant amener beaucoup de fils \u00e0 la gloire, \u00e9lev\u00e2t \u00e0 la perfection, par les souffrances, l\u2019auteur et le chef de leur salut\u00a0\u00bb. H\u00e9breux 2 : 10 (synodale) Cette m\u00e9taphore d\u00e9peint J\u00e9sus comme la cause et l\u2019origine du salut. [&hellip;]<\/p>\n","protected":false},"author":4,"featured_media":0,"comment_status":"open","ping_status":"open","sticky":false,"template":"","format":"standard","meta":{"_exactmetrics_skip_tracking":false,"_exactmetrics_sitenote_active":false,"_exactmetrics_sitenote_note":"","_exactmetrics_sitenote_category":0,"footnotes":""},"categories":[15],"tags":[],"_links":{"self":[{"href":"http:\/\/reveiletreforme.adventiste.re\/index.php?rest_route=\/wp\/v2\/posts\/16823"}],"collection":[{"href":"http:\/\/reveiletreforme.adventiste.re\/index.php?rest_route=\/wp\/v2\/posts"}],"about":[{"href":"http:\/\/reveiletreforme.adventiste.re\/index.php?rest_route=\/wp\/v2\/types\/post"}],"author":[{"embeddable":true,"href":"http:\/\/reveiletreforme.adventiste.re\/index.php?rest_route=\/wp\/v2\/users\/4"}],"replies":[{"embeddable":true,"href":"http:\/\/reveiletreforme.adventiste.re\/index.php?rest_route=%2Fwp%2Fv2%2Fcomments&post=16823"}],"version-history":[{"count":1,"href":"http:\/\/reveiletreforme.adventiste.re\/index.php?rest_route=\/wp\/v2\/posts\/16823\/revisions"}],"predecessor-version":[{"id":16824,"href":"http:\/\/reveiletreforme.adventiste.re\/index.php?rest_route=\/wp\/v2\/posts\/16823\/revisions\/16824"}],"wp:attachment":[{"href":"http:\/\/reveiletreforme.adventiste.re\/index.php?rest_route=%2Fwp%2Fv2%2Fmedia&parent=16823"}],"wp:term":[{"taxonomy":"category","embeddable":true,"href":"http:\/\/reveiletreforme.adventiste.re\/index.php?rest_route=%2Fwp%2Fv2%2Fcategories&post=16823"},{"taxonomy":"post_tag","embeddable":true,"href":"http:\/\/reveiletreforme.adventiste.re\/index.php?rest_route=%2Fwp%2Fv2%2Ftags&post=16823"}],"curies":[{"name":"wp","href":"https:\/\/api.w.org\/{rel}","templated":true}]}}