{"id":16832,"date":"2026-01-15T00:15:00","date_gmt":"2026-01-14T20:15:00","guid":{"rendered":"http:\/\/reveiletreforme.adventiste.re\/?p=16832"},"modified":"2026-01-14T22:23:22","modified_gmt":"2026-01-14T18:23:22","slug":"vigile-matinale-du-15-janvier-6","status":"publish","type":"post","link":"http:\/\/reveiletreforme.adventiste.re\/?p=16832","title":{"rendered":"Vigile matinale du 15 Janvier"},"content":{"rendered":"<h4 style=\"text-align: center;\">Il porte nos fardeaux<\/h4>\n<p style=\"text-align: center;\"><strong>\u00ab\u00a0B\u00e9ni soit le Seigneur ! Chaque jour il porte nos fardeaux, le Dieu de notre salut\u00a0\u00bb. <em>Psaume 68 : 20 (synodale)<\/em><\/strong><\/p>\n<p>Par ce portrait de J\u00e9sus, le psalmiste, d\u2019un c\u0153ur reconnaissant, loue Dieu parce que <em>\u00ab chaque jour il porte nos fardeaux \u00bb<\/em>. Il exprime le soulagement de ceux qui avec confiance se rendent aupr\u00e8s du Christ, car il est le seul qui puisse se charger de leurs fardeaux. La bonne nouvelle est que personne n\u2019a \u00e0 lutter sous le poids oppressant du p\u00e9ch\u00e9 et de ses cons\u00e9quences d\u00e9bilitantes. Par sa mort sur la croix, Christ a pris sur lui les p\u00e9ch\u00e9s du monde entier.<!--more--><\/p>\n<p>On raconte qu\u2019un homme se rendait \u00e0 pied au march\u00e9 de la ville avec un panier de l\u00e9gumes sur la t\u00eate. Un fermier s\u2019y rendait en charrette \u00e0 cheval. Il s\u2019arr\u00eata pr\u00e8s de l\u2019homme et lui proposa une place. L&rsquo;homme accepta avec reconnaissance. En chemin, le fermier remarqua que l\u2019homme tenait son panier de l\u00e9gumes sur les genoux. \u00ab Pourquoi ne d\u00e9posez-vous pas votre panier dans la charrette ? \u00bb demanda-t-il. L&rsquo;homme r\u00e9pondit en s\u2019excusant \u00ab Monsieur, je ne voudrais pas que votre cheval doive supporter tout le poids. \u00bb Cette anecdote est r\u00e9v\u00e9latrice de notre \u00e9tat d\u2019esprit.<\/p>\n<p>Par nous-m\u00eames, nous ne pouvons rien faire pour m\u00e9riter ou gagner la vie \u00e9ternelle. J\u00e9sus seul peut se charger de nos fardeaux. \u00ab Impossible de le surcharger ; impossible de le fatiguer&#8230; Son c\u0153ur aimant est touch\u00e9 par nos chagrins. Parlez-lui de tout ce qui vous jette dans la perplexit\u00e9. Rien n\u2019est si lourd qu\u2019il ne puisse s\u2019en charger, car il soutient les mondes, il domine toutes les affaires de l&rsquo;univers&#8230; Il n\u2019y a rien qu\u2019il ne puisse d\u00e9m\u00ealer. \u00bb (Mind, Character, and Personality, vol. 2, p. 480.)<\/p>\n<p>Nous n\u2019avons pas \u00e0 traverser l&rsquo;existence ploy\u00e9s sous notre fardeau de p\u00e9ch\u00e9 et de culpabilit\u00e9, alors que J\u00e9sus s\u2019en est charg\u00e9 lui-m\u00eame au Calvaire. En montant sur le chariot du salut, d\u00e9chargeons-nous de notre fardeau et ne le reprenons plus. \u00ab Beaucoup s\u2019approchent du Seigneur&#8230; mais ne lui abandonnent jamais vraiment leurs fardeaux&#8230; N\u2019agissez pas ainsi. D\u00e9posez vos fardeaux, confiez-les \u00e0 Celui qui les porte tous, il a tout pouvoir pour s\u2019en charger. \u00bb (Review and Herald, 19 avril 1870.)<\/p>\n<p>Ma pri\u00e8re en ce jour : Seigneur, tu peux te charger de tous mes fardeaux. Je te confie mes tourments et mes remords. Amen !<\/p>\n<p><em>(\u00ab\u00a0Portrait de J\u00e9sus\u00a0\u00bb George W. Brown. Ed: IDPA)<\/em><\/p>\n","protected":false},"excerpt":{"rendered":"<p>Il porte nos fardeaux \u00ab\u00a0B\u00e9ni soit le Seigneur ! Chaque jour il porte nos fardeaux, le Dieu de notre salut\u00a0\u00bb. Psaume 68 : 20 (synodale) Par ce portrait de J\u00e9sus, le psalmiste, d\u2019un c\u0153ur reconnaissant, loue Dieu parce que \u00ab chaque jour il porte nos fardeaux \u00bb. Il exprime le soulagement de ceux qui avec [&hellip;]<\/p>\n","protected":false},"author":4,"featured_media":0,"comment_status":"open","ping_status":"open","sticky":false,"template":"","format":"standard","meta":{"_exactmetrics_skip_tracking":false,"_exactmetrics_sitenote_active":false,"_exactmetrics_sitenote_note":"","_exactmetrics_sitenote_category":0,"footnotes":""},"categories":[15],"tags":[],"_links":{"self":[{"href":"http:\/\/reveiletreforme.adventiste.re\/index.php?rest_route=\/wp\/v2\/posts\/16832"}],"collection":[{"href":"http:\/\/reveiletreforme.adventiste.re\/index.php?rest_route=\/wp\/v2\/posts"}],"about":[{"href":"http:\/\/reveiletreforme.adventiste.re\/index.php?rest_route=\/wp\/v2\/types\/post"}],"author":[{"embeddable":true,"href":"http:\/\/reveiletreforme.adventiste.re\/index.php?rest_route=\/wp\/v2\/users\/4"}],"replies":[{"embeddable":true,"href":"http:\/\/reveiletreforme.adventiste.re\/index.php?rest_route=%2Fwp%2Fv2%2Fcomments&post=16832"}],"version-history":[{"count":1,"href":"http:\/\/reveiletreforme.adventiste.re\/index.php?rest_route=\/wp\/v2\/posts\/16832\/revisions"}],"predecessor-version":[{"id":16833,"href":"http:\/\/reveiletreforme.adventiste.re\/index.php?rest_route=\/wp\/v2\/posts\/16832\/revisions\/16833"}],"wp:attachment":[{"href":"http:\/\/reveiletreforme.adventiste.re\/index.php?rest_route=%2Fwp%2Fv2%2Fmedia&parent=16832"}],"wp:term":[{"taxonomy":"category","embeddable":true,"href":"http:\/\/reveiletreforme.adventiste.re\/index.php?rest_route=%2Fwp%2Fv2%2Fcategories&post=16832"},{"taxonomy":"post_tag","embeddable":true,"href":"http:\/\/reveiletreforme.adventiste.re\/index.php?rest_route=%2Fwp%2Fv2%2Ftags&post=16832"}],"curies":[{"name":"wp","href":"https:\/\/api.w.org\/{rel}","templated":true}]}}