{"id":16834,"date":"2026-01-16T00:16:00","date_gmt":"2026-01-15T20:16:00","guid":{"rendered":"http:\/\/reveiletreforme.adventiste.re\/?p=16834"},"modified":"2026-01-15T20:56:14","modified_gmt":"2026-01-15T16:56:14","slug":"vigile-matinale-du-16-janvier-6","status":"publish","type":"post","link":"http:\/\/reveiletreforme.adventiste.re\/?p=16834","title":{"rendered":"Vigile matinale du 16 Janvier"},"content":{"rendered":"<h4 style=\"text-align: center;\">Le chef et le consommateur de la foi<\/h4>\n<p style=\"text-align: center;\"><strong>\u00ab\u00a0\u2026regardant \u00e0 J\u00e9sus, le chef et le consommateur de la foi\u00a0\u00bb <em>H\u00e9breux 12 : 2 (synodale)<\/em><\/strong><\/p>\n<p>Le double titre, chef et consommateur de la foi, montre Christ comme le commencement et \u00e0 l\u2019accomplissement du plan du salut. Le plan r\u00e9dempteur de Dieu commence et se termine avec Christ. Le mot grec traduit ici par chef est aussi rendu par origine, auteur, fondateur, pionnier. Christ remplit tous ces r\u00f4les dans le plan de la r\u00e9demption.<!--more--><\/p>\n<p>Le mot chef dans ce contexte sugg\u00e8re une combinaison d\u2019auteur et de dirigeant. Le principe actif de la foi a sa source en J\u00e9sus, et c\u2019est aussi gr\u00e2ce \u00e0 lui que le croyant fait preuve de foi dans sa vie. Christ est devenu le seul chef de tous ceux qui croient. Le salut est toujours l\u2019initiative de Dieu. Par sa gr\u00e2ce, Christ nous dirige sur le chemin de l\u2019esp\u00e9rance et de la vie \u00e9ternelle.<\/p>\n<p>Il ne suffit pas d\u2019entreprendre un parcours ; c\u2019est arriver sain et sauf qui lui donne sa signification et remplit son but. La fin triomphale, c\u2019est franchir la ligne d\u2019arriv\u00e9e. C\u2019est pourquoi Christ porte \u00e0 la fois le titre de chef et consommateur. Le mot consommateur est mieux rendu par \u00ab celui qui accomplit \u00bb (en grec : teleiotes). J\u00e9sus ne suscite pas seulement la foi, il la m\u00e8ne \u00e0 la perfection. \u00ab Nous ne pouvons rien faire pour susciter la foi, car la foi est un don de Dieu. Nous ne pouvons pas non plus l&rsquo;am\u00e9liorer, car c\u2019est Christ qui la perfectionne. C\u2019est Christ, du commencement \u00e0 la fin. \u00bb (Signs of the Times, 16 mai 1892.)<\/p>\n<p>Le grand dessein de la vie est d\u2019atteindre cette perfection rendue possible par l\u2019\u0153uvre du Christ en nous et pour nous. Paul affirme : <em>\u00ab Celui qui a commenc\u00e9 en vous cette bonne \u0153uvre la rendra parfaite pour le jour de J\u00e9sus-Christ. \u00bb<\/em> (Phil. 1 : 6.) L&rsquo;\u0153uvre que Christ commence en nous par la justification, il la perfectionne par la sanctification. Du d\u00e9but \u00e0 la fin, c\u2019est Christ qui produit en nous <em>\u00ab le vouloir et le faire, selon son bon plaisir \u00bb<\/em> (Phil. 2 : 13).<\/p>\n<p>Ma pri\u00e8re en ce jour : Seigneur, auteur et consommateur de ma foi, perfectionne-moi chaque jour \u00e0 ton image. Amen !<\/p>\n<p><em>(\u00ab\u00a0Portrait de J\u00e9sus\u00a0\u00bb George W. Brown. Ed: IDPA)<\/em><\/p>\n","protected":false},"excerpt":{"rendered":"<p>Le chef et le consommateur de la foi \u00ab\u00a0\u2026regardant \u00e0 J\u00e9sus, le chef et le consommateur de la foi\u00a0\u00bb H\u00e9breux 12 : 2 (synodale) Le double titre, chef et consommateur de la foi, montre Christ comme le commencement et \u00e0 l\u2019accomplissement du plan du salut. Le plan r\u00e9dempteur de Dieu commence et se termine avec [&hellip;]<\/p>\n","protected":false},"author":4,"featured_media":0,"comment_status":"open","ping_status":"open","sticky":false,"template":"","format":"standard","meta":{"_exactmetrics_skip_tracking":false,"_exactmetrics_sitenote_active":false,"_exactmetrics_sitenote_note":"","_exactmetrics_sitenote_category":0,"footnotes":""},"categories":[15],"tags":[],"_links":{"self":[{"href":"http:\/\/reveiletreforme.adventiste.re\/index.php?rest_route=\/wp\/v2\/posts\/16834"}],"collection":[{"href":"http:\/\/reveiletreforme.adventiste.re\/index.php?rest_route=\/wp\/v2\/posts"}],"about":[{"href":"http:\/\/reveiletreforme.adventiste.re\/index.php?rest_route=\/wp\/v2\/types\/post"}],"author":[{"embeddable":true,"href":"http:\/\/reveiletreforme.adventiste.re\/index.php?rest_route=\/wp\/v2\/users\/4"}],"replies":[{"embeddable":true,"href":"http:\/\/reveiletreforme.adventiste.re\/index.php?rest_route=%2Fwp%2Fv2%2Fcomments&post=16834"}],"version-history":[{"count":1,"href":"http:\/\/reveiletreforme.adventiste.re\/index.php?rest_route=\/wp\/v2\/posts\/16834\/revisions"}],"predecessor-version":[{"id":16835,"href":"http:\/\/reveiletreforme.adventiste.re\/index.php?rest_route=\/wp\/v2\/posts\/16834\/revisions\/16835"}],"wp:attachment":[{"href":"http:\/\/reveiletreforme.adventiste.re\/index.php?rest_route=%2Fwp%2Fv2%2Fmedia&parent=16834"}],"wp:term":[{"taxonomy":"category","embeddable":true,"href":"http:\/\/reveiletreforme.adventiste.re\/index.php?rest_route=%2Fwp%2Fv2%2Fcategories&post=16834"},{"taxonomy":"post_tag","embeddable":true,"href":"http:\/\/reveiletreforme.adventiste.re\/index.php?rest_route=%2Fwp%2Fv2%2Ftags&post=16834"}],"curies":[{"name":"wp","href":"https:\/\/api.w.org\/{rel}","templated":true}]}}