{"id":16838,"date":"2026-01-18T00:18:00","date_gmt":"2026-01-17T20:18:00","guid":{"rendered":"http:\/\/reveiletreforme.adventiste.re\/?p=16838"},"modified":"2026-01-17T20:40:49","modified_gmt":"2026-01-17T16:40:49","slug":"vigile-matinale-du-18-janvier-5","status":"publish","type":"post","link":"http:\/\/reveiletreforme.adventiste.re\/?p=16838","title":{"rendered":"Vigile matinale du 18 Janvier"},"content":{"rendered":"<h4>La rose de Saron<\/h4>\n<p style=\"text-align: center;\"><strong>\u00ab\u00a0Je suis la rose de Saron\u00a0\u00bb. <em>Cantique des cantiques 2 : 1(synodale)<\/em><\/strong><\/p>\n<p>La rose est la fleur la plus aim\u00e9e du monde. Ses couleurs, sa beaut\u00e9, son parfum r\u00e9jouissent les sens depuis les temps les plus recul\u00e9s. D\u2019autres versions de la Bible comparent J\u00e9sus au narcisse (Segond), \u00e0 l\u2019amaryllis et au lotus (Chouraqui), \u00e0 l\u2019an\u00e9mone (FC). Esa\u00efe \u00e9crit que <em>\u00ab la solitude s\u2019\u00e9gaiera, et fleurira comme un narcisse \u00bb<\/em> (\u00c9sa\u00efe 35\u00a0: 1b), tandis que Salomon, dans le Cantique des cantique, fait allusion \u00e0 la rose de Saron. On croit que Saron est la plaine maritime entre la Jopp\u00e9 biblique et le mont Carmel. Cette r\u00e9gion \u00e9tait connue pour la beaut\u00e9 de ses fleurs sauvages.<!--more--><\/p>\n<p>Sans d\u00e9claration officielle, cette m\u00e9taphore famili\u00e8re de la rose de Saron est depuis longtemps accept\u00e9e comme l\u2019un des titres de J\u00e9sus-Christ. Ce portrait de J\u00e9sus inspire depuis longtemps les po\u00e8tes et musiciens chr\u00e9tiens. La sym\u00e9trie, la beaut\u00e9 et la senteur de la rose symbolisent la splendeur du caract\u00e8re immacul\u00e9 de J\u00e9sus.<\/p>\n<p>Le parfum de la rose lui attire des admirateurs. De m\u00eame la rose de Saron nous attire par son amour. <em>\u00ab Je t\u2019aime d\u2019un amour \u00e9ternel ; c\u2019est pourquoi je te conserve ma bont\u00e9. \u00bb<\/em> (J\u00e9r. 31 : 3.) J\u00e9sus-Christ est la rose de Saron qui fleurit en toutes saisons. J\u00e9sus est toujours pr\u00e9sent pour racheter, renouveler et transformer notre manque d&rsquo;\u00e9clat en splendeur. Sa pr\u00e9cieuse promesse est toujours en vigueur : <em>\u00ab Je ne te d\u00e9laisserai point, et je ne t\u2019abandonnerai point. \u00bb <\/em>(H\u00e9b. 13 : 5.)<\/p>\n<p>La rose de Saron veut fleurir dans notre c\u0153ur. J\u00e9sus veut r\u00e9pandre le parfum de son amour dans notre vie. \u00ab Nous avons tous besoin du Christ, \u00e9crit Ellen White. La rose de Saron embellit le caract\u00e8re et embaume notre vie du parfum des \u0153uvres bonnes, afin que nous soyons pour Dieu la fragrance de Christ. \u00bb (Review and Herald, 4 ao\u00fbt 1894.<\/p>\n<p>Ma pri\u00e8re en ce jour : Rose de Saron, remplis ma vie aujourd\u2019hui de la beaut\u00e9 de ton caract\u00e8re et de la senteur de ton amour incomparable. Amen !<\/p>\n<p><em>(\u00ab\u00a0Portrait de J\u00e9sus\u00a0\u00bb George W. Brown. Ed: IDPA)<\/em><\/p>\n","protected":false},"excerpt":{"rendered":"<p>La rose de Saron \u00ab\u00a0Je suis la rose de Saron\u00a0\u00bb. Cantique des cantiques 2 : 1(synodale) La rose est la fleur la plus aim\u00e9e du monde. Ses couleurs, sa beaut\u00e9, son parfum r\u00e9jouissent les sens depuis les temps les plus recul\u00e9s. D\u2019autres versions de la Bible comparent J\u00e9sus au narcisse (Segond), \u00e0 l\u2019amaryllis et au [&hellip;]<\/p>\n","protected":false},"author":4,"featured_media":0,"comment_status":"open","ping_status":"open","sticky":false,"template":"","format":"standard","meta":{"_exactmetrics_skip_tracking":false,"_exactmetrics_sitenote_active":false,"_exactmetrics_sitenote_note":"","_exactmetrics_sitenote_category":0,"footnotes":""},"categories":[15],"tags":[],"_links":{"self":[{"href":"http:\/\/reveiletreforme.adventiste.re\/index.php?rest_route=\/wp\/v2\/posts\/16838"}],"collection":[{"href":"http:\/\/reveiletreforme.adventiste.re\/index.php?rest_route=\/wp\/v2\/posts"}],"about":[{"href":"http:\/\/reveiletreforme.adventiste.re\/index.php?rest_route=\/wp\/v2\/types\/post"}],"author":[{"embeddable":true,"href":"http:\/\/reveiletreforme.adventiste.re\/index.php?rest_route=\/wp\/v2\/users\/4"}],"replies":[{"embeddable":true,"href":"http:\/\/reveiletreforme.adventiste.re\/index.php?rest_route=%2Fwp%2Fv2%2Fcomments&post=16838"}],"version-history":[{"count":1,"href":"http:\/\/reveiletreforme.adventiste.re\/index.php?rest_route=\/wp\/v2\/posts\/16838\/revisions"}],"predecessor-version":[{"id":16839,"href":"http:\/\/reveiletreforme.adventiste.re\/index.php?rest_route=\/wp\/v2\/posts\/16838\/revisions\/16839"}],"wp:attachment":[{"href":"http:\/\/reveiletreforme.adventiste.re\/index.php?rest_route=%2Fwp%2Fv2%2Fmedia&parent=16838"}],"wp:term":[{"taxonomy":"category","embeddable":true,"href":"http:\/\/reveiletreforme.adventiste.re\/index.php?rest_route=%2Fwp%2Fv2%2Fcategories&post=16838"},{"taxonomy":"post_tag","embeddable":true,"href":"http:\/\/reveiletreforme.adventiste.re\/index.php?rest_route=%2Fwp%2Fv2%2Ftags&post=16838"}],"curies":[{"name":"wp","href":"https:\/\/api.w.org\/{rel}","templated":true}]}}