{"id":16840,"date":"2026-01-19T00:19:00","date_gmt":"2026-01-18T20:19:00","guid":{"rendered":"http:\/\/reveiletreforme.adventiste.re\/?p=16840"},"modified":"2026-01-18T20:39:17","modified_gmt":"2026-01-18T16:39:17","slug":"vigile-matinale-du-19-janvier-6","status":"publish","type":"post","link":"http:\/\/reveiletreforme.adventiste.re\/?p=16840","title":{"rendered":"Vigile matinale du 19 Janvier"},"content":{"rendered":"<h4 style=\"text-align: center;\">Le lis des vall\u00e9es<\/h4>\n<p style=\"text-align: center;\"><strong>\u00ab\u00a0Je suis\u2026 un lis des vall\u00e9es\u00a0\u00bb. <em>Cantique des cantiques 2 : 1<\/em><\/strong><\/p>\n<p>Le lis est une fleur noble, d\u2019une sereine \u00e9l\u00e9gance et d\u2019une ligne harmonieuse. Le lis a une beaut\u00e9 \u00e0 part. Il est \u00e0 la fois la plus gracieuse et la plus humble des fleurs. On compte des centaines d\u2019esp\u00e8ces de lis, et chacune a son charme particulier. Le lis repr\u00e9sente la beaut\u00e9 du caract\u00e8re, la simplicit\u00e9 de la vie, la s\u00e9r\u00e9nit\u00e9 de la personnalit\u00e9. Le lis blanc, par exemple, est un symbole bien connu de puret\u00e9 morale, d\u2019innocence et de sinc\u00e9rit\u00e9. Pendant des si\u00e8cles, le lis a \u00e9t\u00e9 consid\u00e9r\u00e9 comme un signal de r\u00e9surrection, c\u2019est pourquoi on en voit beaucoup \u00e0 l\u2019\u00e9poque de P\u00e2ques.<!--more--><\/p>\n<p>Le portrait po\u00e9tique du Christ en lis des vall\u00e9es est riche de sens. C\u2019est une description exquise de la puret\u00e9, de la beaut\u00e9 et de la soumission joyeuse de J\u00e9sus-Christ. Le lis des vall\u00e9es est une image qui \u00e9voque admirablement sa nature divine, son caract\u00e8re immacul\u00e9 et sa beaut\u00e9 incomparable.<\/p>\n<p>Le lis est une fleur qu\u2019on peut offrir en toute saison, en toutes occasions. Qu&rsquo;il s\u2019agisse de r\u00e9jouissance ou de deuil, cette belle fleur convient toujours. La pr\u00e9sence du Christ est toujours significative et ne manque jamais de r\u00e9pondre aux besoins de l\u2019homme. Dans tous les \u00e9v\u00e9nements de la vie, affligeants ou joyeux, la pr\u00e9sence du lis des vall\u00e9es peut cr\u00e9er une atmosph\u00e8re b\u00e9nie dans une soci\u00e9t\u00e9 accabl\u00e9e de crimes, d\u2019absurdit\u00e9s et d\u2019exc\u00e8s.<\/p>\n<p>En lis des vall\u00e9es, J\u00e9sus-Christ nous est pr\u00e9cieux. Sa pr\u00e9sence \u00e0 nos c\u00f4t\u00e9s est constante. Ellen White nous exhorte ainsi : \u00ab Nous devons d\u00e9tourner les regards de ce qui est d\u00e9sagr\u00e9able et les porter sur J\u00e9sus. Nous devons l\u2019aimer davantage et acqu\u00e9rir de mieux en mieux sa beaut\u00e9 et la gr\u00e2ce de son caract\u00e8re. \u00bb (That 1 May Know Him, p. 136.)<\/p>\n<p>Ma pri\u00e8re en ce jour : Seigneur, puisse la beaut\u00e9 du lis des vall\u00e9es enrichir ma vie aujourd\u2019hui. Amen !<\/p>\n<p><em>(\u00ab\u00a0Portrait de J\u00e9sus\u00a0\u00bb George W. Brown. Ed: IDPA)<\/em><\/p>\n","protected":false},"excerpt":{"rendered":"<p>Le lis des vall\u00e9es \u00ab\u00a0Je suis\u2026 un lis des vall\u00e9es\u00a0\u00bb. Cantique des cantiques 2 : 1 Le lis est une fleur noble, d\u2019une sereine \u00e9l\u00e9gance et d\u2019une ligne harmonieuse. Le lis a une beaut\u00e9 \u00e0 part. Il est \u00e0 la fois la plus gracieuse et la plus humble des fleurs. On compte des centaines d\u2019esp\u00e8ces [&hellip;]<\/p>\n","protected":false},"author":4,"featured_media":0,"comment_status":"open","ping_status":"open","sticky":false,"template":"","format":"standard","meta":{"_exactmetrics_skip_tracking":false,"_exactmetrics_sitenote_active":false,"_exactmetrics_sitenote_note":"","_exactmetrics_sitenote_category":0,"footnotes":""},"categories":[15],"tags":[],"_links":{"self":[{"href":"http:\/\/reveiletreforme.adventiste.re\/index.php?rest_route=\/wp\/v2\/posts\/16840"}],"collection":[{"href":"http:\/\/reveiletreforme.adventiste.re\/index.php?rest_route=\/wp\/v2\/posts"}],"about":[{"href":"http:\/\/reveiletreforme.adventiste.re\/index.php?rest_route=\/wp\/v2\/types\/post"}],"author":[{"embeddable":true,"href":"http:\/\/reveiletreforme.adventiste.re\/index.php?rest_route=\/wp\/v2\/users\/4"}],"replies":[{"embeddable":true,"href":"http:\/\/reveiletreforme.adventiste.re\/index.php?rest_route=%2Fwp%2Fv2%2Fcomments&post=16840"}],"version-history":[{"count":1,"href":"http:\/\/reveiletreforme.adventiste.re\/index.php?rest_route=\/wp\/v2\/posts\/16840\/revisions"}],"predecessor-version":[{"id":16841,"href":"http:\/\/reveiletreforme.adventiste.re\/index.php?rest_route=\/wp\/v2\/posts\/16840\/revisions\/16841"}],"wp:attachment":[{"href":"http:\/\/reveiletreforme.adventiste.re\/index.php?rest_route=%2Fwp%2Fv2%2Fmedia&parent=16840"}],"wp:term":[{"taxonomy":"category","embeddable":true,"href":"http:\/\/reveiletreforme.adventiste.re\/index.php?rest_route=%2Fwp%2Fv2%2Fcategories&post=16840"},{"taxonomy":"post_tag","embeddable":true,"href":"http:\/\/reveiletreforme.adventiste.re\/index.php?rest_route=%2Fwp%2Fv2%2Ftags&post=16840"}],"curies":[{"name":"wp","href":"https:\/\/api.w.org\/{rel}","templated":true}]}}