{"id":16861,"date":"2026-01-28T00:28:00","date_gmt":"2026-01-27T20:28:00","guid":{"rendered":"http:\/\/reveiletreforme.adventiste.re\/?p=16861"},"modified":"2026-01-27T22:52:24","modified_gmt":"2026-01-27T18:52:24","slug":"vigile-matinale-du-28-janvier-7","status":"publish","type":"post","link":"http:\/\/reveiletreforme.adventiste.re\/?p=16861","title":{"rendered":"Vigile matinale du 28 Janvier"},"content":{"rendered":"<h4 style=\"text-align: center;\">Le soleil de la justice<\/h4>\n<p style=\"text-align: center;\"><strong>\u00ab\u00a0Mais pour vous qui craignez mon nom, se l\u00e8vera le soleil de la justice, et la gu\u00e9rison sera sous ses ailes\u00a0\u00bb. <em>Malachie 4 : 2<\/em><\/strong><\/p>\n<p>Au centre de notre syst\u00e8me, le Soleil gouverne l&rsquo;orbite des plan\u00e8tes. Sur la plan\u00e8te Terre, tout ce qui vit doit son existence au Soleil en tant que source d&rsquo;\u00e9nergie. \u00c0 chaque minute du jour, le Soleil transforme 60 milliards de tonnes d&rsquo;hydrog\u00e8ne en lumi\u00e8re, chaleur et \u00e9nergie. Quelle puissance ! Personne ne peut se soustraire \u00e0 l\u2019extraordinaire influence du Soleil.<!--more--><\/p>\n<p>Dans la Bible on trouve le mot soleil cent soixante-deux fois. En prose et en po\u00e9sie, il est fait allusion \u00e0 la puissance, \u00e0 la magnificence, \u00e0 l\u2019invariabilit\u00e9, \u00e0 la stabilit\u00e9 et m\u00eame \u00e0 la fid\u00e9lit\u00e9 du Soleil. Le Soleil est donc une image qui convient parfaitement \u00e0 la personne du Christ, qui est <em>\u00ab la lumi\u00e8re du monde \u00bb <\/em>(Jean 8 : 12). Soleil de justice est un titre qui illustre parfaitement la souverainet\u00e9, la domination et la puissance universelles du Christ. En tant que Soleil de justice, il est la source parfaite de la droiture. Il est <em>\u00ab l\u2019Eternel notre justice \u00bb<\/em> (J\u00e9r. 23 : 6) ; il est la source de lumi\u00e8re spirituelle (Jean 1 : 9) ; la source de tout pouvoir (Mat. 28 : 18). En lui nous pouvons devenir <em>\u00ab justice de Dieu \u00bb<\/em> (2 Cor. 5 : 21) ; en lui nous avons <em>\u00ab la connaissance de la v\u00e9rit\u00e9 \u00bb<\/em> (1 Tim. 2 : 4).<\/p>\n<p>En tant que Soleil de justice, J\u00e9sus dissipe les t\u00e9n\u00e8bres du p\u00e9ch\u00e9, nous comble de la chaleur de sa gr\u00e2ce, de la vitalit\u00e9 de son \u00e9nergie divine, de l\u2019\u00e9clat de sa pr\u00e9sence. \u00ab Comme la fleur du tournesol est attir\u00e9e du c\u00f4t\u00e9 du Soleil, laissons nos c\u0153urs, nos pens\u00e9es, se tourner constamment vers J\u00e9sus, le Soleil de la justice. \u00bb (Sons and Daughters of God, p. 151.)<\/p>\n<p>En des mots sublimes, Ellen White observe que \u00ab si nous regardons en face ne serait-ce qu\u2019un instant le Soleil de midi, lorsque nous d\u00e9tournons les yeux, l\u2019image du Soleil s\u2019imprime sur tout ce que nous fixons. Il en est de m\u00eame quand nous contemplons J\u00e9sus : tout ce que nous regardons refl\u00e8te l\u2019image du Soleil de la justice. \u00bb (The Faith I Live By, p. 150.)<\/p>\n<p>Ma pri\u00e8re en ce jour : Seigneur, merci de faire briller sur moi le Soleil de la justice. Puisse sa gloire m\u2019envelopper aujourd\u2019hui ! Amen !<\/p>\n<p><em>(\u00ab\u00a0Portrait de J\u00e9sus\u00a0\u00bb George W. Brown. Ed: IDPA)<\/em><\/p>\n","protected":false},"excerpt":{"rendered":"<p>Le soleil de la justice \u00ab\u00a0Mais pour vous qui craignez mon nom, se l\u00e8vera le soleil de la justice, et la gu\u00e9rison sera sous ses ailes\u00a0\u00bb. Malachie 4 : 2 Au centre de notre syst\u00e8me, le Soleil gouverne l&rsquo;orbite des plan\u00e8tes. Sur la plan\u00e8te Terre, tout ce qui vit doit son existence au Soleil en [&hellip;]<\/p>\n","protected":false},"author":4,"featured_media":0,"comment_status":"open","ping_status":"open","sticky":false,"template":"","format":"standard","meta":{"_exactmetrics_skip_tracking":false,"_exactmetrics_sitenote_active":false,"_exactmetrics_sitenote_note":"","_exactmetrics_sitenote_category":0,"footnotes":""},"categories":[15],"tags":[],"_links":{"self":[{"href":"http:\/\/reveiletreforme.adventiste.re\/index.php?rest_route=\/wp\/v2\/posts\/16861"}],"collection":[{"href":"http:\/\/reveiletreforme.adventiste.re\/index.php?rest_route=\/wp\/v2\/posts"}],"about":[{"href":"http:\/\/reveiletreforme.adventiste.re\/index.php?rest_route=\/wp\/v2\/types\/post"}],"author":[{"embeddable":true,"href":"http:\/\/reveiletreforme.adventiste.re\/index.php?rest_route=\/wp\/v2\/users\/4"}],"replies":[{"embeddable":true,"href":"http:\/\/reveiletreforme.adventiste.re\/index.php?rest_route=%2Fwp%2Fv2%2Fcomments&post=16861"}],"version-history":[{"count":1,"href":"http:\/\/reveiletreforme.adventiste.re\/index.php?rest_route=\/wp\/v2\/posts\/16861\/revisions"}],"predecessor-version":[{"id":16862,"href":"http:\/\/reveiletreforme.adventiste.re\/index.php?rest_route=\/wp\/v2\/posts\/16861\/revisions\/16862"}],"wp:attachment":[{"href":"http:\/\/reveiletreforme.adventiste.re\/index.php?rest_route=%2Fwp%2Fv2%2Fmedia&parent=16861"}],"wp:term":[{"taxonomy":"category","embeddable":true,"href":"http:\/\/reveiletreforme.adventiste.re\/index.php?rest_route=%2Fwp%2Fv2%2Fcategories&post=16861"},{"taxonomy":"post_tag","embeddable":true,"href":"http:\/\/reveiletreforme.adventiste.re\/index.php?rest_route=%2Fwp%2Fv2%2Ftags&post=16861"}],"curies":[{"name":"wp","href":"https:\/\/api.w.org\/{rel}","templated":true}]}}