{"id":16865,"date":"2026-01-30T00:30:00","date_gmt":"2026-01-29T20:30:00","guid":{"rendered":"http:\/\/reveiletreforme.adventiste.re\/?p=16865"},"modified":"2026-01-29T20:41:03","modified_gmt":"2026-01-29T16:41:03","slug":"vigile-matinale-du-30-janvier-7","status":"publish","type":"post","link":"http:\/\/reveiletreforme.adventiste.re\/?p=16865","title":{"rendered":"Vigile matinale du 30 Janvier"},"content":{"rendered":"<h4 style=\"text-align: center;\">La v\u00e9ritable lumi\u00e8re<\/h4>\n<p style=\"text-align: center;\"><strong>\u00ab\u00a0Cette lumi\u00e8re \u00e9tait la v\u00e9ritable lumi\u00e8re, qui, en venant dans le monde, \u00e9claire tout homme\u00a0\u00bb. <em>Jean 1 : 9<\/em><\/strong><\/p>\n<p>Ce portrait du Christ est tout de beaut\u00e9 et de splendeur. Comme un phare \u00e9blouissant, Christ, la lumi\u00e8re du monde, \u00e9clipse tous les autres luminaires. Comme l&rsquo;\u00e9toile Polaire dans le ciel nocturne, J\u00e9sus scintille d\u2019un \u00e9clat qui n\u2019est qu\u2019\u00e0 lui.<!--more--><\/p>\n<p>L\u2019ap\u00f4tre Jean, s\u2019attachant au symbole de J\u00e9sus lumi\u00e8re du monde, y fait allusion vingt-trois fois dans son \u00e9vangile. Il cite les paroles m\u00eames du Ma\u00eetre : <em>\u00ab Je suis la lumi\u00e8re du monde. \u00bb<\/em> (Jean 8 : 12.) Mais Jean voit en J\u00e9sus plus que la lumi\u00e8re du monde. Il est la v\u00e9ritable lumi\u00e8re.<\/p>\n<p>La v\u00e9ritable lumi\u00e8re, J\u00e9sus, donne la vie ainsi que la lumi\u00e8re. L&rsquo;ap\u00f4tre l&rsquo;indique \u00e9loquemment : <em>\u00ab En elle [la Parole, Christ] \u00e9tait la vie, et la vie \u00e9tait la lumi\u00e8re des hommes. \u00bb<\/em> (Jean 1 : 4.) J\u00e9sus, \u00ab en venant dans le monde, \u00e9claire tout homme \u00bb. La v\u00e9ritable lumi\u00e8re brille sur toute l&rsquo;humanit\u00e9, car J\u00e9sus est mort sur la croix pour chaque \u00eatre qui vit sur la terre. Le salut est possible uniquement gr\u00e2ce \u00e0 la lumi\u00e8re r\u00e9demptrice du Christ. \u00ab La lumi\u00e8re qui p\u00e9n\u00e8tre les \u00e9paisses t\u00e9n\u00e8bres de la terre et illumine l\u2019humanit\u00e9 est la connaissance r\u00e9demptrice de J\u00e9sus-Christ. \u00bb (The Desire of Ages, p. 317.) Rien ne peut remplacer la lumi\u00e8re vivifiante qui \u00e9mane de J\u00e9sus-Christ (Rom: 1 : 19, 20).<\/p>\n<p>C\u2019est uniquement \u00e0 travers J\u00e9sus, la v\u00e9ritable lumi\u00e8re, que le caract\u00e8re de Dieu est r\u00e9v\u00e9l\u00e9 et discern\u00e9 (Jean 17 : 6). Toutes les autres religions, th\u00e9ories et philosophies sont futiles et inefficaces pour d\u00e9couvrir le chemin du vrai bonheur, de la libert\u00e9 et de la victoire sur le p\u00e9ch\u00e9. \u00ab Christ seul est la v\u00e9ritable lumi\u00e8re, et il est la seule source de lumi\u00e8re et de vie pour l\u2019homme p\u00e9cheur. \u00bb (Manuscript Releases, vol. 20, p. 89.)<\/p>\n<p>Ma pri\u00e8re en ce jour : Seigneur, je renouv\u00e8le mon engagement \u00e0 marcher dans ta lumi\u00e8re r\u00e9demptrice. Amen !<\/p>\n<p><em>(\u00ab\u00a0Portrait de J\u00e9sus\u00a0\u00bb George W. Brown. Ed: IDPA)<\/em><\/p>\n","protected":false},"excerpt":{"rendered":"<p>La v\u00e9ritable lumi\u00e8re \u00ab\u00a0Cette lumi\u00e8re \u00e9tait la v\u00e9ritable lumi\u00e8re, qui, en venant dans le monde, \u00e9claire tout homme\u00a0\u00bb. Jean 1 : 9 Ce portrait du Christ est tout de beaut\u00e9 et de splendeur. Comme un phare \u00e9blouissant, Christ, la lumi\u00e8re du monde, \u00e9clipse tous les autres luminaires. Comme l&rsquo;\u00e9toile Polaire dans le ciel nocturne, J\u00e9sus [&hellip;]<\/p>\n","protected":false},"author":4,"featured_media":0,"comment_status":"open","ping_status":"open","sticky":false,"template":"","format":"standard","meta":{"_exactmetrics_skip_tracking":false,"_exactmetrics_sitenote_active":false,"_exactmetrics_sitenote_note":"","_exactmetrics_sitenote_category":0,"footnotes":""},"categories":[15],"tags":[],"_links":{"self":[{"href":"http:\/\/reveiletreforme.adventiste.re\/index.php?rest_route=\/wp\/v2\/posts\/16865"}],"collection":[{"href":"http:\/\/reveiletreforme.adventiste.re\/index.php?rest_route=\/wp\/v2\/posts"}],"about":[{"href":"http:\/\/reveiletreforme.adventiste.re\/index.php?rest_route=\/wp\/v2\/types\/post"}],"author":[{"embeddable":true,"href":"http:\/\/reveiletreforme.adventiste.re\/index.php?rest_route=\/wp\/v2\/users\/4"}],"replies":[{"embeddable":true,"href":"http:\/\/reveiletreforme.adventiste.re\/index.php?rest_route=%2Fwp%2Fv2%2Fcomments&post=16865"}],"version-history":[{"count":1,"href":"http:\/\/reveiletreforme.adventiste.re\/index.php?rest_route=\/wp\/v2\/posts\/16865\/revisions"}],"predecessor-version":[{"id":16866,"href":"http:\/\/reveiletreforme.adventiste.re\/index.php?rest_route=\/wp\/v2\/posts\/16865\/revisions\/16866"}],"wp:attachment":[{"href":"http:\/\/reveiletreforme.adventiste.re\/index.php?rest_route=%2Fwp%2Fv2%2Fmedia&parent=16865"}],"wp:term":[{"taxonomy":"category","embeddable":true,"href":"http:\/\/reveiletreforme.adventiste.re\/index.php?rest_route=%2Fwp%2Fv2%2Fcategories&post=16865"},{"taxonomy":"post_tag","embeddable":true,"href":"http:\/\/reveiletreforme.adventiste.re\/index.php?rest_route=%2Fwp%2Fv2%2Ftags&post=16865"}],"curies":[{"name":"wp","href":"https:\/\/api.w.org\/{rel}","templated":true}]}}