{"id":16867,"date":"2026-01-31T00:31:00","date_gmt":"2026-01-30T20:31:00","guid":{"rendered":"http:\/\/reveiletreforme.adventiste.re\/?p=16867"},"modified":"2026-01-30T20:23:01","modified_gmt":"2026-01-30T16:23:01","slug":"vigile-matinale-du-31-janvier-7","status":"publish","type":"post","link":"http:\/\/reveiletreforme.adventiste.re\/?p=16867","title":{"rendered":"Vigile matinale du 31 Janvier"},"content":{"rendered":"<h4 style=\"text-align: center;\">Le dernier Adam<\/h4>\n<p style=\"text-align: center;\"><strong>\u00ab\u00a0C\u2019est pourquoi il est \u00e9crit : Le premier homme, Adam, devint une \u00e2me vivante. Le dernier Adam est devenu un esprit vivifiant&#8230; Le premier homme, tir\u00e9 de la terre, est terrestre ; le second homme est du ciel\u00a0\u00bb. <em>1 Corinthiens 15 : 45-47<\/em><\/strong><\/p>\n<p>Ce titre, le dernier Adam, n\u2019est donn\u00e9 qu\u2019une fois dans la Bible, par l\u2019ap\u00f4tre Paul, qui d\u00e9crit le Christ comme le dernier Adam, le Seigneur du ciel. Dans cette analogie entre le corps naturel et le corps spirituel, Paul joint la cr\u00e9ation \u00e0 la r\u00e9demption. Il montre que le premier Adam a \u00e9t\u00e9 cr\u00e9\u00e9 \u00e0 l\u2019image de Dieu, saint et innocent. Mais, \u00e0 cause de sa transgression, tous ses descendants sont n\u00e9s dans l\u2019iniquit\u00e9 (Ps. 51 : 7). \u00c0 cause de la faute du premier Adam, <em>\u00ab le p\u00e9ch\u00e9 est entr\u00e9 dans le monde \u00bb<\/em> et <em>\u00ab tous ont p\u00e9ch\u00e9 \u00bb<\/em> (Rom. 5 : 12,15).<!--more--><\/p>\n<p>Dans le plan du salut, Dieu a pourvu amplement \u00e0 la r\u00e9demption et \u00e0 la r\u00e9g\u00e9n\u00e9ration de la race humaine : <em>\u00ab Lorsque les temps ont \u00e9t\u00e9 accomplis, Dieu a envoy\u00e9 son Fils&#8230; afin qu\u2019il rach\u00e8te ceux qui \u00e9taient sous la loi. \u00bb<\/em> (Gal. 4 : 4, 5.) Paul repr\u00e9sente J\u00e9sus comme le dernier Adam. Le dernier Adam est n\u00e9 saint, il a men\u00e9 une existence sans tache, il est mort pour expier les p\u00e9ch\u00e9s du monde, il est ressuscit\u00e9 triomphalement et il est remont\u00e9 vers la gloire du ciel.<\/p>\n<p>A la chute du premier Adam, l\u2019humanit\u00e9 perdit sa demeure \u00e9d\u00e9nique, sa saintet\u00e9 de caract\u00e8re, la communication directe avec Dieu, et la vie \u00e9ternelle. Gr\u00e2ce au dernier Adam, ces b\u00e9n\u00e9dictions et privil\u00e8ges seront rendus pleinement aux rachet\u00e9s. En triomphant de l\u2019ennemi, le second Adam est devenu le chef de toute l&rsquo;humanit\u00e9 (Manuscrit 99, 1903, p. 3, 4). L\u2019\u00c9criture affirme : <em>\u00ab Et comme tous meurent en Adam, de m\u00eame aussi tous revivront en Christ [le dernier Adam]. \u00bb<\/em> (1 Cor. 15 : 22.) Tout ce qui a \u00e9t\u00e9 perdu \u00e0 cause du premier Adam sera restitu\u00e9 gr\u00e2ce au dernier Adam (\u00c9ph. 1 : 14). \u00ab Christ, par son sacrifice expiatoire, rachetait non seulement l\u2019homme, mais il reprenait la domination que l\u2019homme avait perdue. Tout ce qui a \u00e9t\u00e9 perdu par le premier Adam sera restaur\u00e9 par le second Adam. \u00bb (Review and Herald, 22 octobre 1908.)<\/p>\n<p>Ma pri\u00e8re en ce jour : Seigneur, merci pour le don de J\u00e9sus, le dernier Adam. Gr\u00e2ce \u00e0 lui, ma r\u00e9g\u00e9n\u00e9ration est garantie. Amen !<\/p>\n<p><em>(\u00ab\u00a0Portrait de J\u00e9sus\u00a0\u00bb George W. Brown. Ed: IDPA)<\/em><\/p>\n","protected":false},"excerpt":{"rendered":"<p>Le dernier Adam \u00ab\u00a0C\u2019est pourquoi il est \u00e9crit : Le premier homme, Adam, devint une \u00e2me vivante. Le dernier Adam est devenu un esprit vivifiant&#8230; Le premier homme, tir\u00e9 de la terre, est terrestre ; le second homme est du ciel\u00a0\u00bb. 1 Corinthiens 15 : 45-47 Ce titre, le dernier Adam, n\u2019est donn\u00e9 qu\u2019une fois [&hellip;]<\/p>\n","protected":false},"author":4,"featured_media":0,"comment_status":"open","ping_status":"open","sticky":false,"template":"","format":"standard","meta":{"_exactmetrics_skip_tracking":false,"_exactmetrics_sitenote_active":false,"_exactmetrics_sitenote_note":"","_exactmetrics_sitenote_category":0,"footnotes":""},"categories":[15],"tags":[],"_links":{"self":[{"href":"http:\/\/reveiletreforme.adventiste.re\/index.php?rest_route=\/wp\/v2\/posts\/16867"}],"collection":[{"href":"http:\/\/reveiletreforme.adventiste.re\/index.php?rest_route=\/wp\/v2\/posts"}],"about":[{"href":"http:\/\/reveiletreforme.adventiste.re\/index.php?rest_route=\/wp\/v2\/types\/post"}],"author":[{"embeddable":true,"href":"http:\/\/reveiletreforme.adventiste.re\/index.php?rest_route=\/wp\/v2\/users\/4"}],"replies":[{"embeddable":true,"href":"http:\/\/reveiletreforme.adventiste.re\/index.php?rest_route=%2Fwp%2Fv2%2Fcomments&post=16867"}],"version-history":[{"count":1,"href":"http:\/\/reveiletreforme.adventiste.re\/index.php?rest_route=\/wp\/v2\/posts\/16867\/revisions"}],"predecessor-version":[{"id":16868,"href":"http:\/\/reveiletreforme.adventiste.re\/index.php?rest_route=\/wp\/v2\/posts\/16867\/revisions\/16868"}],"wp:attachment":[{"href":"http:\/\/reveiletreforme.adventiste.re\/index.php?rest_route=%2Fwp%2Fv2%2Fmedia&parent=16867"}],"wp:term":[{"taxonomy":"category","embeddable":true,"href":"http:\/\/reveiletreforme.adventiste.re\/index.php?rest_route=%2Fwp%2Fv2%2Fcategories&post=16867"},{"taxonomy":"post_tag","embeddable":true,"href":"http:\/\/reveiletreforme.adventiste.re\/index.php?rest_route=%2Fwp%2Fv2%2Ftags&post=16867"}],"curies":[{"name":"wp","href":"https:\/\/api.w.org\/{rel}","templated":true}]}}