{"id":17068,"date":"2026-04-27T00:27:00","date_gmt":"2026-04-26T20:27:00","guid":{"rendered":"http:\/\/reveiletreforme.adventiste.re\/?p=17068"},"modified":"2026-04-26T23:07:27","modified_gmt":"2026-04-26T19:07:27","slug":"vigile-matinale-du-27-avril-7","status":"publish","type":"post","link":"http:\/\/reveiletreforme.adventiste.re\/?p=17068","title":{"rendered":"Vigile matinale du 27 Avril"},"content":{"rendered":"<h4 style=\"text-align: center;\">Le Saint de Dieu<\/h4>\n<p style=\"text-align: center;\"><strong>\u00ab\u00a0Qu&rsquo;y a-t-il entre nous et toi, J\u00e9sus de Nazareth ? Tu es venu pour nous perdre. Je sais qui tu es : le Saint de Dieu\u00a0\u00bb. <em>Marc 1 :24<\/em><\/strong><\/p>\n<p>Christ et le d\u00e9mon de Caperna\u00fcm n&rsquo;avaient rien en commun. Il est donc ironique que le d\u00e9mon ait \u00e9t\u00e9 le premier \u00e0 le reconna\u00eetre publiquement comme le Saint de Dieu.<!--more--><\/p>\n<p>Ce titre ne revient que quatre fois dans la Bible. Dans le Nouveau Testament, on le trouve trois fois, pour d\u00e9signer J\u00e9sus. Jean rappelle aux chr\u00e9tiens qu&rsquo;ils ont <em>\u00ab re\u00e7u l\u2019onction de la part de celui qui est saint \u00bb<\/em> (1 Jean 2 : 20). Pierre d\u00e9nonce les-chefs religieux de son temps en les accusant d\u2019avoir <em>\u00ab reni\u00e9 le Saint et le Juste \u00bb<\/em> (Actes 3 : 14). Quant au d\u00e9mon, il appelle J\u00e9sus <em>\u00ab le Saint de Dieu \u00bb.<\/em><\/p>\n<p>J\u00e9sus, le Saint de Dieu, est venu sur la terre pour \u00eatre notre Sauveur et Seigneur. Le Saint de Dieu a v\u00e9cu parmi les hommes p\u00e9cheurs ; il \u00e9tait le seul \u00eatre humain <em>\u00ab saint, innocent, sans tache, s\u00e9par\u00e9 des p\u00e9cheurs \u00bb<\/em> (H\u00e9b. 7 : 26). Soumis aux pires tentations, il n&rsquo;a jamais c\u00e9d\u00e9, il n\u2019a jamais p\u00e9ch\u00e9. Lui seul \u00e9tait essentiellement saint. Personne n&rsquo;aurait pu le convaincre de p\u00e9ch\u00e9. Il a men\u00e9 une vie parfaite, il a triomph\u00e9 de l&rsquo;adversaire et il a gagn\u00e9 notre salut. En Saint de Dieu, J\u00e9sus \u00e9tait le seul qui par sa mort et sa justice pouvait donner la saintet\u00e9 \u00e0 ses \u00e9lus.<\/p>\n<p>Voici comment devenir semblable au Saint de Dieu : \u00ab Mais le Christ, venu sur la terre en tant qu\u2019homme, a v\u00e9cu dans la saintet\u00e9 et a form\u00e9 un caract\u00e8re parfait. Sa vie se substitue \u00e0 celle des hommes. Plus encore : le Christ communique aux hommes les attributs m\u00eame de Dieu, Il fa\u00e7onne le caract\u00e8re humain \u00e0 la ressemblance du divin. \u00bb (J\u00e9sus-Christ, p. 161.)<\/p>\n<p>Ma pri\u00e8re en ce jour : Seigneur, tu es saint, tu veux que je sois saint aussi. Puisse ton Saint-Esprit me transformer \u00e0 ton image. Amen !<\/p>\n<p><em>(\u00ab\u00a0Portrait de J\u00e9sus\u00a0\u00bb George W. Brown. Ed: IDPA)<\/em><\/p>\n","protected":false},"excerpt":{"rendered":"<p>Le Saint de Dieu \u00ab\u00a0Qu&rsquo;y a-t-il entre nous et toi, J\u00e9sus de Nazareth ? Tu es venu pour nous perdre. Je sais qui tu es : le Saint de Dieu\u00a0\u00bb. Marc 1 :24 Christ et le d\u00e9mon de Caperna\u00fcm n&rsquo;avaient rien en commun. Il est donc ironique que le d\u00e9mon ait \u00e9t\u00e9 le premier \u00e0 [&hellip;]<\/p>\n","protected":false},"author":4,"featured_media":0,"comment_status":"open","ping_status":"open","sticky":false,"template":"","format":"standard","meta":{"_exactmetrics_skip_tracking":false,"_exactmetrics_sitenote_active":false,"_exactmetrics_sitenote_note":"","_exactmetrics_sitenote_category":0,"footnotes":""},"categories":[15],"tags":[],"_links":{"self":[{"href":"http:\/\/reveiletreforme.adventiste.re\/index.php?rest_route=\/wp\/v2\/posts\/17068"}],"collection":[{"href":"http:\/\/reveiletreforme.adventiste.re\/index.php?rest_route=\/wp\/v2\/posts"}],"about":[{"href":"http:\/\/reveiletreforme.adventiste.re\/index.php?rest_route=\/wp\/v2\/types\/post"}],"author":[{"embeddable":true,"href":"http:\/\/reveiletreforme.adventiste.re\/index.php?rest_route=\/wp\/v2\/users\/4"}],"replies":[{"embeddable":true,"href":"http:\/\/reveiletreforme.adventiste.re\/index.php?rest_route=%2Fwp%2Fv2%2Fcomments&post=17068"}],"version-history":[{"count":1,"href":"http:\/\/reveiletreforme.adventiste.re\/index.php?rest_route=\/wp\/v2\/posts\/17068\/revisions"}],"predecessor-version":[{"id":17069,"href":"http:\/\/reveiletreforme.adventiste.re\/index.php?rest_route=\/wp\/v2\/posts\/17068\/revisions\/17069"}],"wp:attachment":[{"href":"http:\/\/reveiletreforme.adventiste.re\/index.php?rest_route=%2Fwp%2Fv2%2Fmedia&parent=17068"}],"wp:term":[{"taxonomy":"category","embeddable":true,"href":"http:\/\/reveiletreforme.adventiste.re\/index.php?rest_route=%2Fwp%2Fv2%2Fcategories&post=17068"},{"taxonomy":"post_tag","embeddable":true,"href":"http:\/\/reveiletreforme.adventiste.re\/index.php?rest_route=%2Fwp%2Fv2%2Ftags&post=17068"}],"curies":[{"name":"wp","href":"https:\/\/api.w.org\/{rel}","templated":true}]}}