{"id":193,"date":"2012-11-06T04:00:01","date_gmt":"2012-11-06T00:00:01","guid":{"rendered":"http:\/\/reveiletreforme.adventiste.re\/?p=193"},"modified":"2012-11-06T04:00:01","modified_gmt":"2012-11-06T00:00:01","slug":"josue-17","status":"publish","type":"post","link":"http:\/\/reveiletreforme.adventiste.re\/?p=193","title":{"rendered":"Josu\u00e9 17"},"content":{"rendered":"<p style=\"text-align: justify;\">[audio:http:\/\/adventiste.re\/files\/audio-bible\/at\/06_josue\/josue_17.mp3]<\/p>\n<p style=\"text-align: justify;\"><strong>1<\/strong><strong> <\/strong>Une part \u00e9chut aussi par le sort \u00e0 la tribu de Manass\u00e9, car il \u00e9tait le premier-n\u00e9 de Joseph. Makir, premier-n\u00e9 de Manass\u00e9 et p\u00e8re de Galaad, avait eu Galaad et Basan, parce qu&rsquo;il \u00e9tait un homme de guerre.<\/p>\n<p style=\"text-align: justify;\"><strong>2<\/strong><strong> <\/strong>On donna par le sort une part aux autres fils de Manass\u00e9, selon leurs familles, aux fils d&rsquo;Abi\u00e9zer, aux fils de H\u00e9lek, aux fils d&rsquo;Asriel, aux fils de Sichem, aux fils de H\u00e9pher, aux fils de Schemida: ce sont l\u00e0 les enfants m\u00e2les de Manass\u00e9, fils de Joseph, selon leurs familles.<\/p>\n<p style=\"text-align: justify;\"><strong><!--more-->3<\/strong><strong> <\/strong>Tselophchad, fils de H\u00e9pher, fils de Galaad, fils de Makir, fils de Manass\u00e9, n&rsquo;eut point de fils, mais il eut des filles dont voici les noms: Machla, Noa, Hogla, Milca et Thirtsa.<\/p>\n<p style=\"text-align: justify;\"><strong>4<\/strong><strong> <\/strong>Elles se pr\u00e9sent\u00e8rent devant le sacrificateur El\u00e9azar, devant Josu\u00e9, fils de Nun, et devant les princes, en disant: L&rsquo;Eternel a command\u00e9 \u00e0 Mo\u00efse de nous donner un h\u00e9ritage parmi nos fr\u00e8res. Et on leur donna, selon l&rsquo;ordre de l&rsquo;Eternel, un h\u00e9ritage parmi les fr\u00e8res de leur p\u00e8re.<\/p>\n<p style=\"text-align: justify;\"><strong>5<\/strong><strong> <\/strong>Il \u00e9chut dix portions \u00e0 Manass\u00e9, outre le pays de Galaad et de Basan, qui est de l&rsquo;autre c\u00f4t\u00e9 du Jourdain.<\/p>\n<p style=\"text-align: justify;\"><strong>6<\/strong><strong> <\/strong>Car les filles de Manass\u00e9 eurent un h\u00e9ritage parmi ses fils, et le pays de Galaad fut pour les autres fils de Manass\u00e9.<\/p>\n<p style=\"text-align: justify;\"><strong>7<\/strong><strong> <\/strong>La limite de Manass\u00e9 s&rsquo;\u00e9tendait d&rsquo;Aser \u00e0 Micmethath, qui est pr\u00e8s de Sichem, et allait \u00e0 Jamin vers les habitants d&rsquo;En-Tappuach.<\/p>\n<p style=\"text-align: justify;\"><strong>8<\/strong><strong> <\/strong>Le pays de Tappuach \u00e9tait aux fils de Manass\u00e9, mais Tappuach sur la fronti\u00e8re de Manass\u00e9 \u00e9tait aux fils d&rsquo;Ephra\u00efm.<\/p>\n<p style=\"text-align: justify;\"><strong>9<\/strong><strong> <\/strong>La limite descendait au torrent de Kana, au midi du torrent. Ces villes \u00e9taient \u00e0 Ephra\u00efm, au milieu des villes de Manass\u00e9. La limite de Manass\u00e9 au nord du torrent aboutissait \u00e0 la mer.<\/p>\n<p style=\"text-align: justify;\"><strong>10<\/strong><strong> <\/strong>Le territoire du midi \u00e9tait \u00e0 Ephra\u00efm, celui du nord \u00e0 Manass\u00e9, et la mer leur servait de limite; ils touchaient \u00e0 Aser vers le nord, et \u00e0 Issacar vers l&rsquo;orient.<\/p>\n<p style=\"text-align: justify;\"><strong>11<\/strong><strong> <\/strong>Manass\u00e9 poss\u00e9dait dans Issacar et dans Aser: Beth-Schean et les villes de son ressort, Jibleam et les villes de son ressort, les habitants de Dor et les villes de son ressort, les habitants d&rsquo;En-Dor et les villes de son ressort, les habitants de Thaanac et les villes de son ressort, et les habitants de Meguiddo et les villes de son ressort, trois contr\u00e9es.<\/p>\n<p style=\"text-align: justify;\"><strong>12<\/strong><strong> <\/strong>Les fils de Manass\u00e9 ne purent pas prendre possession de ces villes, et les Canan\u00e9ens voulurent rester dans ce pays.<\/p>\n<p style=\"text-align: justify;\"><strong>13<\/strong><strong> <\/strong>Lorsque les enfants d&rsquo;Isra\u00ebl furent assez forts, ils assujettirent les Canan\u00e9ens \u00e0 un tribut, mais ils ne les chass\u00e8rent point.<\/p>\n<p style=\"text-align: justify;\"><strong>14<\/strong><strong> <\/strong>Les fils de Joseph parl\u00e8rent \u00e0 Josu\u00e9, et dirent: Pourquoi nous as-tu donn\u00e9 en h\u00e9ritage un seul lot, une seule part, tandis que nous formons un peuple nombreux et que l&rsquo;Eternel nous a b\u00e9nis jusqu&rsquo;\u00e0 pr\u00e9sent?<\/p>\n<p style=\"text-align: justify;\"><strong>15<\/strong><strong> <\/strong>Josu\u00e9 leur dit: Si vous \u00eates un peuple nombreux, montez \u00e0 la for\u00eat, et vous l&rsquo;abattrez pour vous y faire de la place dans le pays des Ph\u00e9r\u00e9ziens et des Repha\u00efm, puisque la montagne d&rsquo;Ephra\u00efm est trop \u00e9troite pour vous.<\/p>\n<p style=\"text-align: justify;\"><strong>16<\/strong><strong> <\/strong>Les fils de Joseph dirent: La montagne ne nous suffira pas, et il y a des chars de fer chez tous les Canan\u00e9ens qui habitent la vall\u00e9e, chez ceux qui sont \u00e0 Beth-Schean et dans les villes de son ressort, et chez ceux qui sont dans la vall\u00e9e de Jizreel.<\/p>\n<p style=\"text-align: justify;\"><strong>17<\/strong><strong> <\/strong>Josu\u00e9 dit \u00e0 la maison de Joseph, \u00e0 Ephra\u00efm et \u00e0 Manass\u00e9: Vous \u00eates un peuple nombreux, et votre force est grande, vous n&rsquo;aurez pas un simple lot.<\/p>\n<p style=\"text-align: justify;\"><strong>18<\/strong><strong> <\/strong>Mais vous aurez la montagne, car c&rsquo;est une for\u00eat que vous abattrez et dont les issues seront \u00e0 vous, et vous chasserez les Canan\u00e9ens, malgr\u00e9 leurs chars de fer et malgr\u00e9 leur force.<\/p>\n<p style=\"text-align: justify;\">COMMENTAIRE<\/p>\n<p style=\"text-align: justify;\"><strong>Les encouragements de Josu\u00e9<\/strong><\/p>\n<p style=\"text-align: justify;\">Ce chapitre s\u2019ouvre avec Makir, fils de Manass\u00e9, qui avait cinq filles, mais pas de fils. Cela signifiait qu&rsquo;elles ne pouvaient h\u00e9riter la propri\u00e9t\u00e9 de leur p\u00e8re qu\u2019\u00e0 la condition de se marier au sein de leur tribu, c\u2019est ce qu&rsquo;elles firent. Par cons\u00e9quent, selon ce que le Seigneur avait ordonn\u00e9 \u00e0 Mo\u00efse, Eleazar, le pr\u00eatre leur donna leur h\u00e9ritage.<\/p>\n<p style=\"text-align: justify;\">Aux autres fils de Manass\u00e9 fut donn\u00e9 le pays de Galaad, mais ils n&rsquo;ont pas chass\u00e9 les habitants des villes et les Canan\u00e9ens ont continu\u00e9 \u00e0 vivre dans ce pays. Quand les descendants de Manass\u00e9 devinrent plus forts, au lieu de chasser les Canan\u00e9ens, la convoitise prit le dessus, et ils d\u00e9cid\u00e8rent de les laisser rester et de les obliger \u00e0 payer des imp\u00f4ts. Les fils de Manass\u00e9 \u00e9taient plus int\u00e9ress\u00e9s par l&rsquo;argent que d&rsquo;ob\u00e9ir au Seigneur en faisant ce qui \u00e9tait juste.<\/p>\n<p style=\"text-align: justify;\">Ensuite, les descendants de Joseph demand\u00e8rent plus de terres et Josu\u00e9 les encouragea \u00e0 aller dans la r\u00e9gion des montagnes, et \u00e0 la d\u00e9fricher. Ils h\u00e9sit\u00e8rent et dirent\u00a0: \u00ab\u00a0Mais les Canan\u00e9ens y vivent et ils ont des chars de fer.\u00a0\u00bb Josu\u00e9 leur r\u00e9pondit\u00a0: \u00ab\u00a0Vous \u00eates un peuple fort et vous avez besoin davantage de terres, la zone montagneuse est donc pour vous, et m\u00eame si les Canan\u00e9ens ont des chars de fer, avec l&rsquo;aide du Seigneur, vous pourrez les chasser.\u00a0\u00bb<\/p>\n<p style=\"text-align: justify;\">Trop souvent, il arrive que le peuple de Dieu aujourd&rsquo;hui regarde la t\u00e2che qui doit \u00eatre accomplie, comme apporter l&rsquo;\u00c9vangile au monde, et il h\u00e9site \u00e0 aller de l&rsquo;avant avec foi, sachant que le Saint-Esprit ouvrira la voie et cr\u00e9era des opportunit\u00e9s pour que ce dernier message surmonte tous les obstacles et p\u00e9n\u00e8tre partout.<\/p>\n<p><strong><em>Ralph Neall<br \/>\n<\/em><\/strong>Professeur \u00e0 la retraite et Missionnaire<\/p>\n","protected":false},"excerpt":{"rendered":"<p>[audio:http:\/\/adventiste.re\/files\/audio-bible\/at\/06_josue\/josue_17.mp3] 1 Une part \u00e9chut aussi par le sort \u00e0 la tribu de Manass\u00e9, car il \u00e9tait le premier-n\u00e9 de Joseph. Makir, premier-n\u00e9 de Manass\u00e9 et p\u00e8re de Galaad, avait eu Galaad et Basan, parce qu&rsquo;il \u00e9tait un homme de guerre. 2 On donna par le sort une part aux autres fils de Manass\u00e9, selon [&hellip;]<\/p>\n","protected":false},"author":1,"featured_media":0,"comment_status":"open","ping_status":"open","sticky":false,"template":"","format":"audio","meta":{"_exactmetrics_skip_tracking":false,"_exactmetrics_sitenote_active":false,"_exactmetrics_sitenote_note":"","_exactmetrics_sitenote_category":0,"footnotes":""},"categories":[5],"tags":[],"_links":{"self":[{"href":"http:\/\/reveiletreforme.adventiste.re\/index.php?rest_route=\/wp\/v2\/posts\/193"}],"collection":[{"href":"http:\/\/reveiletreforme.adventiste.re\/index.php?rest_route=\/wp\/v2\/posts"}],"about":[{"href":"http:\/\/reveiletreforme.adventiste.re\/index.php?rest_route=\/wp\/v2\/types\/post"}],"author":[{"embeddable":true,"href":"http:\/\/reveiletreforme.adventiste.re\/index.php?rest_route=\/wp\/v2\/users\/1"}],"replies":[{"embeddable":true,"href":"http:\/\/reveiletreforme.adventiste.re\/index.php?rest_route=%2Fwp%2Fv2%2Fcomments&post=193"}],"version-history":[{"count":0,"href":"http:\/\/reveiletreforme.adventiste.re\/index.php?rest_route=\/wp\/v2\/posts\/193\/revisions"}],"wp:attachment":[{"href":"http:\/\/reveiletreforme.adventiste.re\/index.php?rest_route=%2Fwp%2Fv2%2Fmedia&parent=193"}],"wp:term":[{"taxonomy":"category","embeddable":true,"href":"http:\/\/reveiletreforme.adventiste.re\/index.php?rest_route=%2Fwp%2Fv2%2Fcategories&post=193"},{"taxonomy":"post_tag","embeddable":true,"href":"http:\/\/reveiletreforme.adventiste.re\/index.php?rest_route=%2Fwp%2Fv2%2Ftags&post=193"}],"curies":[{"name":"wp","href":"https:\/\/api.w.org\/{rel}","templated":true}]}}