{"id":2701,"date":"2014-09-01T08:00:44","date_gmt":"2014-09-01T04:00:44","guid":{"rendered":"http:\/\/reveiletreforme.adventistereunion.org\/?p=2701"},"modified":"2014-09-01T20:28:23","modified_gmt":"2014-09-01T16:28:23","slug":"seigneur-accorde-moi","status":"publish","type":"post","link":"http:\/\/reveiletreforme.adventiste.re\/?p=2701","title":{"rendered":"\u00ab\u00a0Seigneur accorde moi\u00a0\u00bb"},"content":{"rendered":"<p style=\"text-align: justify;\">Voici un beau po\u00e8me que je laisse sur vos coeurs. Que celui-ci vous accompagne tout le long de cette journ\u00e9e. Que Dieu vous b\u00e9nisse.<!--more--><\/p>\n<p style=\"text-align: center;\"><span style=\"color: #404040;\">Seigneur, a<\/span><span style=\"color: #404040;\">ccorde-moi de recevoir\u00a0<\/span><br style=\"color: #404040;\" \/><span style=\"color: #404040;\">Dans la tranquillit\u00e9 du coeur\u00a0<\/span><br style=\"color: #404040;\" \/><span style=\"color: #404040;\">Tout ce que m&rsquo;apportera\u00a0<\/span><br style=\"color: #404040;\" \/><span style=\"color: #404040;\">Cette journ\u00e9e qui commence.\u00a0<\/span><br style=\"color: #404040;\" \/><span style=\"color: #404040;\">Accorde-moi de me livrer enti\u00e8rement\u00a0<\/span><br style=\"color: #404040;\" \/><span style=\"color: #404040;\">\u00e0 Ta sainte volont\u00e9.\u00a0<\/span><br style=\"color: #404040;\" \/><span style=\"color: #404040;\">Pr\u00e9pare-moi et soutiens-moi\u00a0<\/span><br style=\"color: #404040;\" \/><span style=\"color: #404040;\">\u00e0 chaque heure de ce jour.\u00a0<\/span><br style=\"color: #404040;\" \/><span style=\"color: #404040;\">Quelles que soient les nouvelles\u00a0<\/span><br style=\"color: #404040;\" \/><span style=\"color: #404040;\">que je re\u00e7oive, apprends-moi\u00a0<\/span><br style=\"color: #404040;\" \/><span style=\"color: #404040;\">\u00e0 les accueillir d&rsquo;un coeur tranquille\u00a0<\/span><br style=\"color: #404040;\" \/><span style=\"color: #404040;\">fermement persuad\u00e9 qu&rsquo;elles sont\u00a0<\/span><br style=\"color: #404040;\" \/><span style=\"color: #404040;\">l&rsquo;expression de Ta Sainte Volont\u00e9.\u00a0<\/span><br style=\"color: #404040;\" \/><span style=\"color: #404040;\">Dirige toutes mes paroles, actions,<\/span><br style=\"color: #404040;\" \/><span style=\"color: #404040;\">pens\u00e9es et sentiments.<\/span><br style=\"color: #404040;\" \/><span style=\"color: #404040;\">Que je n&rsquo;oublie jamais\u00a0<\/span><br style=\"color: #404040;\" \/><span style=\"color: #404040;\">dans les circonstances impr\u00e9vues\u00a0<\/span><br style=\"color: #404040;\" \/><span style=\"color: #404040;\">que tout m&rsquo;est envoy\u00e9 de Toi.\u00a0<\/span><br style=\"color: #404040;\" \/><span style=\"color: #404040;\">Dirige ma volont\u00e9 et apprends-moi \u00e0 prier,<\/span><br style=\"color: #404040;\" \/><span style=\"color: #404040;\">\u00e0 croire, esp\u00e9rer, supporter, pardonner et aimer.<\/span><\/p>\n","protected":false},"excerpt":{"rendered":"<p>Voici un beau po\u00e8me que je laisse sur vos coeurs. Que celui-ci vous accompagne tout le long de cette journ\u00e9e. Que Dieu vous b\u00e9nisse.<\/p>\n","protected":false},"author":2,"featured_media":0,"comment_status":"open","ping_status":"open","sticky":false,"template":"","format":"standard","meta":{"_exactmetrics_skip_tracking":false,"_exactmetrics_sitenote_active":false,"_exactmetrics_sitenote_note":"","_exactmetrics_sitenote_category":0,"footnotes":""},"categories":[8],"tags":[],"_links":{"self":[{"href":"http:\/\/reveiletreforme.adventiste.re\/index.php?rest_route=\/wp\/v2\/posts\/2701"}],"collection":[{"href":"http:\/\/reveiletreforme.adventiste.re\/index.php?rest_route=\/wp\/v2\/posts"}],"about":[{"href":"http:\/\/reveiletreforme.adventiste.re\/index.php?rest_route=\/wp\/v2\/types\/post"}],"author":[{"embeddable":true,"href":"http:\/\/reveiletreforme.adventiste.re\/index.php?rest_route=\/wp\/v2\/users\/2"}],"replies":[{"embeddable":true,"href":"http:\/\/reveiletreforme.adventiste.re\/index.php?rest_route=%2Fwp%2Fv2%2Fcomments&post=2701"}],"version-history":[{"count":3,"href":"http:\/\/reveiletreforme.adventiste.re\/index.php?rest_route=\/wp\/v2\/posts\/2701\/revisions"}],"predecessor-version":[{"id":2705,"href":"http:\/\/reveiletreforme.adventiste.re\/index.php?rest_route=\/wp\/v2\/posts\/2701\/revisions\/2705"}],"wp:attachment":[{"href":"http:\/\/reveiletreforme.adventiste.re\/index.php?rest_route=%2Fwp%2Fv2%2Fmedia&parent=2701"}],"wp:term":[{"taxonomy":"category","embeddable":true,"href":"http:\/\/reveiletreforme.adventiste.re\/index.php?rest_route=%2Fwp%2Fv2%2Fcategories&post=2701"},{"taxonomy":"post_tag","embeddable":true,"href":"http:\/\/reveiletreforme.adventiste.re\/index.php?rest_route=%2Fwp%2Fv2%2Ftags&post=2701"}],"curies":[{"name":"wp","href":"https:\/\/api.w.org\/{rel}","templated":true}]}}