{"id":2725,"date":"2014-09-13T12:17:16","date_gmt":"2014-09-13T08:17:16","guid":{"rendered":"http:\/\/reveiletreforme.adventistereunion.org\/?p=2725"},"modified":"2016-03-16T18:11:01","modified_gmt":"2016-03-16T14:11:01","slug":"amos-1","status":"publish","type":"post","link":"http:\/\/reveiletreforme.adventiste.re\/?p=2725","title":{"rendered":"Amos 1"},"content":{"rendered":"<!--[if lt IE 9]><script>document.createElement('audio');<\/script><![endif]-->\n<audio class=\"wp-audio-shortcode\" id=\"audio-2725-1\" preload=\"none\" style=\"width: 100%;\" controls=\"controls\"><source type=\"audio\/mpeg\" src=\"http:\/\/reveiletreforme.adventistereunion.org\/wp-content\/uploads\/2014\/09\/amos-01.mp3?_=1\" \/><a href=\"http:\/\/reveiletreforme.adventistereunion.org\/wp-content\/uploads\/2014\/09\/amos-01.mp3\">http:\/\/reveiletreforme.adventistereunion.org\/wp-content\/uploads\/2014\/09\/amos-01.mp3<\/a><\/audio>\n<p style=\"text-align: justify;\"><strong>1 <\/strong>Paroles d&rsquo;Amos, l&rsquo;un des bergers de Tekoa, visions qu&rsquo;il eut sur Isra\u00ebl, au temps d&rsquo;Ozias, roi de Juda, et au temps de J\u00e9roboam, fils de Joas, roi d&rsquo;Isra\u00ebl, deux ans avant le tremblement de terre.<\/p>\n<p style=\"text-align: justify;\"><strong>2 <\/strong>Il dit: De Sion l&rsquo;Eternel rugit, De J\u00e9rusalem il fait entendre sa voix. Les p\u00e2turages des bergers sont dans le deuil, Et le sommet du Carmel est dess\u00e9ch\u00e9.<\/p>\n<p style=\"text-align: justify;\"><strong>3 <\/strong>Ainsi parle l&rsquo;Eternel: A cause de trois crimes de Damas, M\u00eame de quatre, je ne r\u00e9voque pas mon arr\u00eat, Parce qu&rsquo;ils ont foul\u00e9 Galaad sous des tra\u00eeneaux de fer.<!--more--><\/p>\n<p style=\"text-align: justify;\"><strong>4 <\/strong>J&rsquo;enverrai le feu dans la maison de Haza\u00ebl, Et il d\u00e9vorera les palais de Ben-Hadad.<\/p>\n<p style=\"text-align: justify;\"><strong>5 <\/strong>Je briserai les verrous de Damas, J&rsquo;exterminerai de Bikath-Aven les habitants, Et de Beth-Eden celui qui tient le sceptre; Et le peuple de Syrie sera men\u00e9 captif \u00e0 Kir, dit l&rsquo;Eternel.<\/p>\n<p style=\"text-align: justify;\"><strong>6<\/strong> Ainsi parle l&rsquo;Eternel: A cause de trois crimes de Gaza, M\u00eame de quatre, je ne r\u00e9voque pas mon arr\u00eat, Parce qu&rsquo;ils ont fait une foule de captifs pour les livrer \u00e0 Edom.<\/p>\n<p style=\"text-align: justify;\"><strong>7<\/strong> J&rsquo;enverrai le feu dans les murs de Gaza, Et il en d\u00e9vorera les palais.<\/p>\n<p style=\"text-align: justify;\"><strong>8<\/strong> J&rsquo;exterminerai d&rsquo;Asdod les habitants, Et d&rsquo;Askalon celui qui tient le sceptre; Je tournerai ma main contre Ekron, Et le reste des Philistins p\u00e9rira, dit le Seigneur, l&rsquo;Eternel.<\/p>\n<p style=\"text-align: justify;\"><strong>9<\/strong> Ainsi parle l&rsquo;Eternel: A cause de trois crimes de Tyr, M\u00eame de quatre, je ne r\u00e9voque pas mon arr\u00eat, Parce qu&rsquo;ils ont livr\u00e9 \u00e0 Edom une foule de captifs, Sans se souvenir de l&rsquo;alliance fraternelle.<\/p>\n<p style=\"text-align: justify;\"><strong>10<\/strong> J&rsquo;enverrai le feu dans les murs de Tyr, Et il en d\u00e9vorera les palais.<\/p>\n<p style=\"text-align: justify;\"><strong>11<\/strong> Ainsi parle l&rsquo;Eternel: A cause de trois crimes d&rsquo;Edom, M\u00eame de quatre, je ne r\u00e9voque pas mon arr\u00eat, Parce qu&rsquo;il a poursuivi ses fr\u00e8res avec l&rsquo;\u00e9p\u00e9e, En \u00e9touffant sa compassion, Parce que sa col\u00e8re d\u00e9chire toujours, Et qu&rsquo;il garde \u00e9ternellement sa fureur.<\/p>\n<p style=\"text-align: justify;\"><strong>12<\/strong> J&rsquo;enverrai le feu dans Th\u00e9man, Et il d\u00e9vorera les palais de Botsra.<\/p>\n<p style=\"text-align: justify;\"><strong>13<\/strong> Ainsi parle l&rsquo;Eternel: A cause de trois crimes des enfants d&rsquo;Ammon, M\u00eame de quatre, je ne r\u00e9voque pas mon arr\u00eat, Parce qu&rsquo;ils ont fendu le ventre des femmes enceintes de Galaad, Afin d&rsquo;agrandir leur territoire.<\/p>\n<p style=\"text-align: justify;\"><strong>14<\/strong> J&rsquo;allumerai le feu dans les murs de Rabba, Et il en d\u00e9vorera les palais, Au milieu des cris de guerre au jour du combat, Au milieu de l&rsquo;ouragan au jour de la temp\u00eate;<\/p>\n<p style=\"text-align: justify;\"><strong>15<\/strong> Et leur roi s&rsquo;en ira en captivit\u00e9, Lui, et ses chefs avec lui, dit l&rsquo;Eternel.<\/p>\n<p style=\"text-align: justify;\"><strong>COMMENTAIRE<\/strong><\/p>\n<p style=\"text-align: justify;\">Le nom \u00ab\u00a0Amos\u00a0\u00bb, qui signifie \u00ab\u00a0porteur de charge\u00a0\u00bb \u00e9tait le nom d\u2019un humble berger de Jud\u00e9e ayant v\u00e9cu au huiti\u00e8me si\u00e8cle avant J\u00e9sus-Christ dans la ville de T\u00e9koa. Il n\u2019\u00e9tait ni le fils d\u2019un proph\u00e8te ni form\u00e9 pour en devenir un (7:14). Il a \u00e9t\u00e9 appel\u00e9 par Dieu pour proph\u00e9tiser contre Isra\u00ebl concernant le comportement de ses dirigeants politiques et religieux qui faisaient le mal aux yeux du Seigneur. C\u2019\u00e9tait \u00e0 un moment o\u00f9 Isra\u00ebl et Juda \u00e9taient prosp\u00e8res pendant les r\u00e8gnes d\u2019Ozias, roi de Juda, et de J\u00e9roboam, roi d\u2019Isra\u00ebl. Il proph\u00e9tisait non seulement contre Isra\u00ebl, mais aussi contre Juda (v.1). Le sentiment de s\u00e9curit\u00e9 envers les ennemis ext\u00e9rieurs et la confiance acquise en sa propre force font qu\u2019Isra\u00ebl ne voit aucun danger ou aucune destruction possible. Mais les fruits de la prosp\u00e9rit\u00e9, de la fiert\u00e9, de la luxure, de l\u2019\u00e9go\u00efsme et de l\u2019oppression m\u00fbrissaient avec abondance dans les deux royaumes. Amos fut interpell\u00e9 par le luxe et les p\u00e9ch\u00e9s qu\u2019il d\u00e9crivit de fa\u00e7on vivante et d\u00e9taill\u00e9e. Il d\u00e9non\u00e7a les p\u00e9ch\u00e9s qui surgirent de la prosp\u00e9rit\u00e9 mat\u00e9rielle\u00a0: les extravagances, les exc\u00e8s de table ainsi que la d\u00e9bauche des riches, qui opprim\u00e8rent les pauvres et pervertirent les jugements, par la corruption et l\u2019extorsion. De mani\u00e8re tr\u00e8s\u00a0imag\u00e9e,\u00a0Amos exprime le m\u00e9contentement du Seigneur \u00ab\u00a0l\u2019\u00c9ternel rugit&#8230; Les p\u00e2turages des bergers sont dans le deuil, et le sommet du Carmel est dess\u00e9ch\u00e9\u00a0\u00bb (v.2). Les versets\u00a03-15 de ce m\u00eame chapitre du livre d\u2019Amos nous\u00a0pr\u00e9sentent le jugement de Dieu sur Damas, Gaza, Tyr, Edom et \u00e9galement Ammon.<\/p>\n<p style=\"text-align: justify;\">Damas (vv. 3-5), la belle, la prosp\u00e8re et la fortifi\u00e9e capitale du royaume syrien et le repr\u00e9sentant de toute la Syrie, subirait les jugements de Dieu pour ses fautes intentionnelles et incurables, en particulier en foulant les personnes comme le grain l\u2019est avec des tra\u00eeneaux de fer (v.3, NLT). Dieu avertit qu\u2019il enverra le feu et d\u00e9truira Haza\u00ebl et son fils Hadad, l\u2019ensemble de leur dynastie et la ville de Damas avec tous ses magnifiques palais royaux. Les barres de fixation de la porte de la ville seront bris\u00e9es, laissant passer l\u2019ennemi, les gens seront abattus dans la vall\u00e9e de l\u2019Aven et enfin le peuple de Syrie sera emmen\u00e9 en captivit\u00e9. Tout cela fut accompli lorsque le roi d\u2019Assyrie monta contre Damas et le prit.<\/p>\n<p style=\"text-align: justify;\">Gaza, la ville des Philistins, allait conna\u00eetre l\u2019acte d\u2019accusation pour avoir appliqu\u00e9\u00a0la migration et\u00a0l\u2019esclavage. Dieu d\u00e9cida d\u2019envoyer le feu sur les murs de Gaza qui d\u00e9vorerait ses palais. Gaza fut conquise par le roi d\u2019\u00c9gypte et par Alexandre le Grand. Ashdod fut captur\u00e9 par Ozias, puis par Sargon II. Dieu effacera et\u00a0d\u00e9truira ceux qui essaient d\u2019exterminer son peuple.<\/p>\n<p style=\"text-align: justify;\">Le jugement est prononc\u00e9 contre Tyr (vv. 9-10), la ville principale des Ph\u00e9niciens, parce qu\u2019ils ont remis des prisonniers au royaume d\u2019Edom. Pour cela, ils ont \u00e9t\u00e9 tenus pour responsables des cruaut\u00e9s subies par les juifs. La partie continentale de Tyr fut prise par Sennach\u00e9rib, plus tard, l\u2019\u00eele appartenant \u00e0 Tyr fut prise par Esarhaddon et enfin Tyr a \u00e9t\u00e9 d\u00e9truite par Alexandre le Grand.<\/p>\n<p style=\"text-align: justify;\">Puis Amos d\u00e9nonce les trois nations li\u00e9es par le sang \u00e0 Isra\u00ebl \u2014 Edom, Ammon et Moab. L\u2019attitude non fraternelle des Edomites, les descendants d\u2019Esa\u00fc, envers les descendants de Jacob et l\u2019hostilit\u00e9 des Ammonites \u00e0 l\u2019\u00e9gard d\u2019Isra\u00ebl, fut condamn\u00e9e par Amos. Il n\u2019est pas bon de ha\u00efr un ennemi, cela est encore pire d\u2019avoir de la haine envers un ami et bien plus grave d\u2019en avoir \u00e0 l\u2019encontre d\u2019un fr\u00e8re. Que Dieu nous aide \u00e0 nous aimer les uns les autres.<\/p>\n<p class=\"p3\"><strong> Deepati Vara Prasad<\/strong>, \u00a0Docteur en Th\u00e9ologie<br \/>\nMaison de publication Watchman \u00a0en Inde<\/p>\n<p class=\"p4\" style=\"text-align: right;\"><strong>Traduction\u00a0:<\/strong> Steeve et Jeanina LENOGUE<\/p>\n","protected":false},"excerpt":{"rendered":"<p>1 Paroles d&rsquo;Amos, l&rsquo;un des bergers de Tekoa, visions qu&rsquo;il eut sur Isra\u00ebl, au temps d&rsquo;Ozias, roi de Juda, et au temps de J\u00e9roboam, fils de Joas, roi d&rsquo;Isra\u00ebl, deux ans avant le tremblement de terre. 2 Il dit: De Sion l&rsquo;Eternel rugit, De J\u00e9rusalem il fait entendre sa voix. Les p\u00e2turages des bergers sont [&hellip;]<\/p>\n","protected":false},"author":1,"featured_media":0,"comment_status":"open","ping_status":"open","sticky":false,"template":"","format":"audio","meta":{"_exactmetrics_skip_tracking":false,"_exactmetrics_sitenote_active":false,"_exactmetrics_sitenote_note":"","_exactmetrics_sitenote_category":0,"footnotes":""},"categories":[1],"tags":[],"_links":{"self":[{"href":"http:\/\/reveiletreforme.adventiste.re\/index.php?rest_route=\/wp\/v2\/posts\/2725"}],"collection":[{"href":"http:\/\/reveiletreforme.adventiste.re\/index.php?rest_route=\/wp\/v2\/posts"}],"about":[{"href":"http:\/\/reveiletreforme.adventiste.re\/index.php?rest_route=\/wp\/v2\/types\/post"}],"author":[{"embeddable":true,"href":"http:\/\/reveiletreforme.adventiste.re\/index.php?rest_route=\/wp\/v2\/users\/1"}],"replies":[{"embeddable":true,"href":"http:\/\/reveiletreforme.adventiste.re\/index.php?rest_route=%2Fwp%2Fv2%2Fcomments&post=2725"}],"version-history":[{"count":3,"href":"http:\/\/reveiletreforme.adventiste.re\/index.php?rest_route=\/wp\/v2\/posts\/2725\/revisions"}],"predecessor-version":[{"id":2729,"href":"http:\/\/reveiletreforme.adventiste.re\/index.php?rest_route=\/wp\/v2\/posts\/2725\/revisions\/2729"}],"wp:attachment":[{"href":"http:\/\/reveiletreforme.adventiste.re\/index.php?rest_route=%2Fwp%2Fv2%2Fmedia&parent=2725"}],"wp:term":[{"taxonomy":"category","embeddable":true,"href":"http:\/\/reveiletreforme.adventiste.re\/index.php?rest_route=%2Fwp%2Fv2%2Fcategories&post=2725"},{"taxonomy":"post_tag","embeddable":true,"href":"http:\/\/reveiletreforme.adventiste.re\/index.php?rest_route=%2Fwp%2Fv2%2Ftags&post=2725"}],"curies":[{"name":"wp","href":"https:\/\/api.w.org\/{rel}","templated":true}]}}