{"id":2737,"date":"2014-09-15T09:28:23","date_gmt":"2014-09-15T05:28:23","guid":{"rendered":"http:\/\/reveiletreforme.adventistereunion.org\/?p=2737"},"modified":"2014-09-18T08:18:32","modified_gmt":"2014-09-18T04:18:32","slug":"le-fonctionnement-de-la-priere","status":"publish","type":"post","link":"http:\/\/reveiletreforme.adventiste.re\/?p=2737","title":{"rendered":"Le fonctionnement de la pri\u00e8re"},"content":{"rendered":"<p class=\"bodytext\" style=\"color: #575a5c; text-align: justify;\"><span lang=\"FR-CA\" style=\"font-weight: inherit; font-style: inherit;\">Que se passe-t-il lorsque nous prions\u00a0? Premi\u00e8rement, la pri\u00e8re expose notre vie \u00e0 la puissance de purification divine. Pendant que nous prions, le Saint-Esprit passe notre \u00e2me aux rayons X. Nous d\u00e9couvrons alors des p\u00e9ch\u00e9s cach\u00e9s et des d\u00e9fauts de caract\u00e8re qui nous emp\u00eachent d\u2019\u00eatre les t\u00e9moins puissants qu\u2019il d\u00e9sire que nous soyons. La pri\u00e8re nous fait entrer en \u00e9troite relation avec J\u00e9sus. Elle ouvre notre c\u0153ur aux directives du Saint-Esprit. Nous recherchons la sagesse divine, pas la n\u00f4tre.<\/span><!--more--><\/p>\n<p class=\"bodytext\" style=\"color: #575a5c; text-align: justify;\">La pri\u00e8re permet \u00e9galement \u00e0 Dieu d\u2019\u0153uvrer plus puissamment que si nous n\u2019avions pas pri\u00e9. Le conflit entre le bien et le mal est une bataille entre les forces du mal et celles de la justice. Il s\u2019agit d\u2019une lutte bien r\u00e9elle\u00a0! Des myriades de bons et de mauvais anges croisent le fer. L\u2019Apocalypse, le dernier livre de la Bible, d\u00e9crit ainsi cette bataille\u00a0: \u00ab\u00a0Michel et ses anges combattirent contre le dragon. Et le dragon et ses anges combattirent\u00a0\u00bb (<a href=\"http:\/\/www.bibleserver.com\/text\/S21\/Apocalypse12%3A7\" class=\"bibleserver extern\" target=\"_blank\">Ap 12.7<\/a>).<\/p>\n<p class=\"bodytext\" style=\"color: #575a5c; text-align: justify;\"><span lang=\"FR-CA\" style=\"font-weight: inherit; font-style: inherit;\">Un tiers des anges se rebell\u00e8rent contre Dieu (<a href=\"http:\/\/www.bibleserver.com\/text\/S21\/Apocalypse12%3A4\" class=\"bibleserver extern\" target=\"_blank\">Ap 12.4<\/a>). Les forces du mal n\u2019entra\u00eenent que d\u00e9ceptions, maladies, catastrophes et mort dans le monde. Les forces de la justice, elles, s\u00e8ment la joie, la paix, la sant\u00e9, et la vie.<\/span><\/p>\n<p class=\"bodytext\" style=\"color: #575a5c; text-align: justify;\"><span lang=\"FR-CA\" style=\"font-weight: inherit; font-style: inherit;\">\u00a0<\/span><span lang=\"FR-CA\" style=\"font-weight: inherit; font-style: inherit;\">Tandis que nous prions, Dieu d\u00e9verse son Esprit sur nous. La pri\u00e8re lui permet d\u2019aider ceux qui sont dans le besoin. Deux versets dans 1 Jean expliquent pourquoi la pri\u00e8re est si efficace. L\u2019ap\u00f4tre d\u00e9clare\u00a0: \u00ab\u00a0Voici l\u2019assurance que nous avons aupr\u00e8s de lui\u00a0\u00bb (<a href=\"http:\/\/www.bibleserver.com\/text\/S21\/1Jean5%3A14\" class=\"bibleserver extern\" target=\"_blank\">1 Jn 5.14<\/a>). Notre assurance ne r\u00e9side pas dans nos pri\u00e8res, ni dans notre foi, mais en Dieu. Jean poursuit\u00a0: \u00ab\u00a0Si nous demandons quelque chose selon sa volont\u00e9, il nous \u00e9coute. Et si nous savons qu\u2019il nous \u00e9coute, quoi que ce soit que nous demandions, nous savons que nous poss\u00e9dons ce que nous lui avons demand\u00e9.\u00a0\u00bb\u00a0<\/span>(<a href=\"http:\/\/www.bibleserver.com\/text\/S21\/1Jean5%3A14\" class=\"bibleserver extern\" target=\"_blank\">1 Jn 5.14<\/a>,<a class=\"rtBibleRef\" style=\"color: #f9b000;\" href=\"http:\/\/biblia.com\/bible\/esv\/1%20Jn%205.15\" target=\"_blank\">15<\/a>)<\/p>\n<p class=\"bodytext\" style=\"color: #575a5c; text-align: justify;\">\n<p class=\"bodytext\" style=\"text-align: justify;\">\n","protected":false},"excerpt":{"rendered":"<p>Que se passe-t-il lorsque nous prions\u00a0? Premi\u00e8rement, la pri\u00e8re expose notre vie \u00e0 la puissance de purification divine. Pendant que nous prions, le Saint-Esprit passe notre \u00e2me aux rayons X. Nous d\u00e9couvrons alors des p\u00e9ch\u00e9s cach\u00e9s et des d\u00e9fauts de caract\u00e8re qui nous emp\u00eachent d\u2019\u00eatre les t\u00e9moins puissants qu\u2019il d\u00e9sire que nous soyons. La pri\u00e8re [&hellip;]<\/p>\n","protected":false},"author":2,"featured_media":0,"comment_status":"open","ping_status":"open","sticky":false,"template":"","format":"standard","meta":{"_exactmetrics_skip_tracking":false,"_exactmetrics_sitenote_active":false,"_exactmetrics_sitenote_note":"","_exactmetrics_sitenote_category":0,"footnotes":""},"categories":[8],"tags":[],"_links":{"self":[{"href":"http:\/\/reveiletreforme.adventiste.re\/index.php?rest_route=\/wp\/v2\/posts\/2737"}],"collection":[{"href":"http:\/\/reveiletreforme.adventiste.re\/index.php?rest_route=\/wp\/v2\/posts"}],"about":[{"href":"http:\/\/reveiletreforme.adventiste.re\/index.php?rest_route=\/wp\/v2\/types\/post"}],"author":[{"embeddable":true,"href":"http:\/\/reveiletreforme.adventiste.re\/index.php?rest_route=\/wp\/v2\/users\/2"}],"replies":[{"embeddable":true,"href":"http:\/\/reveiletreforme.adventiste.re\/index.php?rest_route=%2Fwp%2Fv2%2Fcomments&post=2737"}],"version-history":[{"count":2,"href":"http:\/\/reveiletreforme.adventiste.re\/index.php?rest_route=\/wp\/v2\/posts\/2737\/revisions"}],"predecessor-version":[{"id":2741,"href":"http:\/\/reveiletreforme.adventiste.re\/index.php?rest_route=\/wp\/v2\/posts\/2737\/revisions\/2741"}],"wp:attachment":[{"href":"http:\/\/reveiletreforme.adventiste.re\/index.php?rest_route=%2Fwp%2Fv2%2Fmedia&parent=2737"}],"wp:term":[{"taxonomy":"category","embeddable":true,"href":"http:\/\/reveiletreforme.adventiste.re\/index.php?rest_route=%2Fwp%2Fv2%2Fcategories&post=2737"},{"taxonomy":"post_tag","embeddable":true,"href":"http:\/\/reveiletreforme.adventiste.re\/index.php?rest_route=%2Fwp%2Fv2%2Ftags&post=2737"}],"curies":[{"name":"wp","href":"https:\/\/api.w.org\/{rel}","templated":true}]}}