{"id":2757,"date":"2014-09-23T04:00:27","date_gmt":"2014-09-23T00:00:27","guid":{"rendered":"http:\/\/reveiletreforme.adventistereunion.org\/?p=2757"},"modified":"2014-09-22T07:43:21","modified_gmt":"2014-09-22T03:43:21","slug":"jonas-1","status":"publish","type":"post","link":"http:\/\/reveiletreforme.adventiste.re\/?p=2757","title":{"rendered":"Jonas 1"},"content":{"rendered":"<!--[if lt IE 9]><script>document.createElement('audio');<\/script><![endif]-->\n<audio class=\"wp-audio-shortcode\" id=\"audio-2757-1\" preload=\"none\" style=\"width: 100%;\" controls=\"controls\"><source type=\"audio\/mpeg\" src=\"http:\/\/reveiletreforme.adventiste.re\/wp-content\/uploads\/2014\/09\/jonas-01.mp3?_=1\" \/><a href=\"http:\/\/reveiletreforme.adventiste.re\/wp-content\/uploads\/2014\/09\/jonas-01.mp3\">http:\/\/reveiletreforme.adventiste.re\/wp-content\/uploads\/2014\/09\/jonas-01.mp3<\/a><\/audio>\n<p class=\"p1\" style=\"text-align: justify;\"><b>1<\/b><b> <\/b>La parole de l&rsquo;Eternel fut adress\u00e9e \u00e0 Jonas, fils d&rsquo;Amittha\u00ef, en ces mots:<\/p>\n<p class=\"p1\" style=\"text-align: justify;\"><b>2<\/b><b> <\/b>L\u00e8ve-toi, va \u00e0 Ninive, la grande ville, et crie contre elle! car sa m\u00e9chancet\u00e9 est mont\u00e9e jusqu&rsquo;\u00e0 moi.<\/p>\n<p class=\"p1\" style=\"text-align: justify;\"><b>3<\/b><b> <\/b>Et Jonas se leva pour s&rsquo;enfuir \u00e0 Tarsis, loin de la face de l&rsquo;Eternel. Il descendit \u00e0 Japho, et il trouva un navire qui allait \u00e0 Tarsis; il paya le prix du transport, et s&#8217;embarqua pour aller avec les passagers \u00e0 Tarsis, loin de la face de l&rsquo;Eternel.<!--more--><\/p>\n<p class=\"p1\" style=\"text-align: justify;\"><b>4<\/b><b> <\/b>Mais l&rsquo;Eternel fit souffler sur la mer un vent imp\u00e9tueux, et il s&rsquo;\u00e9leva sur la mer une grande temp\u00eate. Le navire mena\u00e7ait de faire naufrage.<\/p>\n<p class=\"p1\" style=\"text-align: justify;\"><b>5<\/b><b> <\/b>Les mariniers eurent peur, ils implor\u00e8rent chacun leur dieu, et ils jet\u00e8rent dans la mer les objets qui \u00e9taient sur le navire, afin de le rendre plus l\u00e9ger. Jonas descendit au fond du navire, se coucha, et s&rsquo;endormit profond\u00e9ment.<\/p>\n<p class=\"p1\" style=\"text-align: justify;\"><b>6<\/b><b> <\/b>Le pilote s&rsquo;approcha de lui, et lui dit: Pourquoi dors-tu? L\u00e8ve-toi, invoque ton Dieu! peut-\u00eatre voudra-t-il penser \u00e0 nous, et nous ne p\u00e9rirons pas.<\/p>\n<p class=\"p1\" style=\"text-align: justify;\"><b>7<\/b><b> <\/b>Et ils se dirent l&rsquo;un \u00e0 l&rsquo;autre: Venez, et tirons au sort, pour savoir qui nous attire ce malheur. Ils tir\u00e8rent au sort, et le sort tomba sur Jonas.<\/p>\n<p class=\"p1\" style=\"text-align: justify;\"><b>8<\/b><b> <\/b>Alors ils lui dirent: Dis-nous qui nous attire ce malheur. Quelles sont tes affaires, et d&rsquo;o\u00f9 viens-tu? Quel est ton pays, et de quel peuple es-tu?<\/p>\n<p class=\"p1\" style=\"text-align: justify;\"><b>9<\/b><b> <\/b>Il leur r\u00e9pondit: Je suis H\u00e9breu, et je crains l&rsquo;Eternel, le Dieu des cieux, qui a fait la mer et la terre.<\/p>\n<p class=\"p1\" style=\"text-align: justify;\"><b>10<\/b><b> <\/b>Ces hommes eurent une grande frayeur, et ils lui dirent: Pourquoi as-tu fait cela? Car ces hommes savaient qu&rsquo;il fuyait loin de la face de l&rsquo;Eternel, parce qu&rsquo;il le leur avait d\u00e9clar\u00e9.<\/p>\n<p class=\"p1\" style=\"text-align: justify;\"><b>11<\/b><b> <\/b>Ils lui dirent: Que te ferons-nous, pour que la mer se calme envers nous? Car la mer \u00e9tait de plus en plus orageuse.<\/p>\n<p class=\"p1\" style=\"text-align: justify;\"><b>12<\/b><b> <\/b>Il leur r\u00e9pondit: Prenez-moi, et jetez-moi dans la mer, et la mer se calmera envers vous; car je sais que c&rsquo;est moi qui attire sur vous cette grande temp\u00eate.<\/p>\n<p class=\"p1\" style=\"text-align: justify;\"><b>13<\/b><b> <\/b>Ces hommes ramaient pour gagner la terre, mais ils ne le purent, parce que la mer s&rsquo;agitait toujours plus contre eux.<\/p>\n<p class=\"p1\" style=\"text-align: justify;\"><b>14<\/b><b> <\/b>Alors ils invoqu\u00e8rent l&rsquo;Eternel, et dirent: O Eternel, ne nous fais pas p\u00e9rir \u00e0 cause de la vie de cet homme, et ne nous charge pas du sang innocent! Car toi, Eternel, tu fais ce que tu veux.<\/p>\n<p class=\"p1\" style=\"text-align: justify;\"><b>15<\/b><b> <\/b>Puis ils prirent Jonas, et le jet\u00e8rent dans la mer. Et la fureur de la mer s&rsquo;apaisa.<\/p>\n<p class=\"p1\" style=\"text-align: justify;\"><b>16<\/b><b> <\/b>Ces hommes furent saisis d&rsquo;une grande crainte de l&rsquo;Eternel, et ils offrirent un sacrifice \u00e0 l&rsquo;Eternel, et firent des voeux.<\/p>\n<p class=\"p1\" style=\"text-align: justify;\"><b>17<\/b><b> <\/b>L&rsquo;Eternel fit venir un grand poisson pour engloutir Jonas, et Jonas fut dans le ventre du poisson trois jours et trois nuits.<\/p>\n<p class=\"p1\" style=\"text-align: justify;\"><strong>COMMENTAIRE<\/strong><\/p>\n<p class=\"p1\" style=\"text-align: justify;\">Contrairement aux autres proph\u00e8tes, le sujet du livre de Jonas est centr\u00e9 sur lui-m\u00eame et sur sa relation personnelle avec Dieu. Tout au long de ces quatre chapitres, l\u2019interaction entre Dieu et Jonas est \u00e9troite et personnelle. En r\u00e9alit\u00e9, je suis un peu jaloux de Jonas \u00e0 cause de la conversation audible en t\u00eate-\u00e0-t\u00eate qui se produit entre eux. Apr\u00e8s tout, n\u2019aimeriez-vous pas que Dieu vous parle directement\u2009? Ensuite, il est probable qu\u2019il nous parle et que nous choisissons de fermer nos oreilles en ayant cette excuse\u00a0: \u00ab\u00a0Je n\u2019ai pas entendu ce que tu as dit, Seigneur\u00a0\u00bb.<\/p>\n<p class=\"p1\" style=\"text-align: justify;\">Jonas \u00e9tait incapable de sugg\u00e9rer une telle excuse quand Dieu lui demanda d\u2019aller pr\u00eacher dans la ville de Ninive. La voix et l\u2019ordre de Dieu sont tr\u00e8s clairs. Entendez-vous la voix de Dieu qui vous parle en disant\u00a0: \u00ab\u00a0Ceci est le chemin, marchez-y\u00a0\u00bb (voir <a href=\"http:\/\/www.bibleserver.com\/text\/S21\/%C3%89sa%C3%AFe30%3A21\" class=\"bibleserver extern\" target=\"_blank\">\u00c9sa\u00efe 30:21<\/a>). Ou, ignorez-vous sa voix afin d\u2019avoir une excuse pour nier l\u2019entendre\u2009? Si vous n\u2019entendez pas la voix de Dieu qui vous parle, vous avez un probl\u00e8me au c\u0153ur m\u00eame de votre christianisme. Pourquoi\u2009? Notre Dieu est le m\u00eame hier, aujourd\u2019hui et pour toujours. Il a parl\u00e9 \u00e0 son peuple dans l\u2019Ancien Testament\u2009; il leur parla dans le Nouveau Testament et il parle \u00e0 son peuple aujourd\u2019hui. Comment le sais-je\u2009? Permettez-moi de vous demander, \u00ab\u00a0\u00eates-vous l\u2019une de ses brebis\u2009?\u00a0\u00bb Si vous l\u2019\u00eates, alors\u00a0ces paroles de J\u00e9sus ont \u00e9t\u00e9 prononc\u00e9es pour vous \u00ab\u00a0mes brebis entendent ma voix, je les connais et elles me suivent\u00a0\u00bb (voir <a href=\"http:\/\/www.bibleserver.com\/text\/S21\/Jean10%3A27\" class=\"bibleserver extern\" target=\"_blank\">Jean 10:27<\/a>).<\/p>\n<p class=\"p1\" style=\"text-align: justify;\">On d\u00e9couvre aussi dans H\u00e9breux\u00a03:7-8 que Paul attendait de ses lecteurs entendent la voix de Dieu,\u00a0\u00ab\u00a0c\u2019est pourquoi comme le Saint-Esprit dit\u00a0: \u201cAujourd\u2019hui, si vous entendez sa voix, n\u2019endurcissez pas vos c\u0153urs\u201d\u00a0\u00bb. Et encore une fois dans <a href=\"http:\/\/www.bibleserver.com\/text\/S21\/Apocalypse3%3A20\" class=\"bibleserver extern\" target=\"_blank\">Apocalypse 3:20<\/a> J\u00e9sus nous appelle\u00a0: \u00ab\u00a0Voici, je me tiens \u00e0 la porte, et je frappe\u00a0: si quelqu\u2019un entend ma voix et ouvre la porte, j\u2019entrerai chez lui\u00a0\u00bb. Nous pouvons ignorer la voix de Dieu aussi longtemps que nous le voulons. Et comme Jonas, nous pouvons avoir notre propre exp\u00e9rience \u00ab\u00a0de cr\u00e9ature marine\u00a0\u00bb afin que nous puissions apprendre \u00e0 \u00e9couter et \u00e0 suivre. \u00c0 un certain moment dans le temps tous entendent la voix de Dieu, cependant, seuls ceux qui ont grandi, habitu\u00e9s \u00e0 \u00e9couter cette belle voix r\u00e9guli\u00e8rement et \u00e9coutant ses instructions, se l\u00e8veront \u00e0 la r\u00e9surrection. Jean a parl\u00e9 de ce moment-l\u00e0 dans le chapitre\u00a05\u00a0: 28,29, \u00ab\u00a0Ne vous \u00e9tonnez pas de cela\u00a0: car l\u2019heure vient, o\u00f9 tous ceux qui sont dans les s\u00e9pulcres entendront sa voix, et en sortiront\u2009; ceux qui auront\u00a0fait le bien ressusciteront pour la vie\u2009; et ceux qui auront fait le mal ressusciteront pour le jugement.\u00a0\u00bb<\/p>\n<p class=\"p1\" style=\"text-align: justify;\">Il est \u00e9vident que les proph\u00e8tes de Dieu m\u00eame ne sont pas \u00e0 l\u2019abri de d\u00e9clin spirituel et de ne pas entendre la voix de Dieu dans les \u00ab\u00a0petites\u00a0\u00bb choses de chaque jour qui conduisent finalement \u00e0 de plus grandes (\u00e9v\u00e8nements de la vie de Jonas), peut \u00eatre d\u00e9sastreux. Suivre les instructions n\u2019\u00e9tait pas l\u2019un des meilleurs talents de Jonas. Il apprit \u00e0 la dure que c\u2019est beaucoup mieux d\u2019entendre la voix de Dieu et de suivre les ordres. J\u2019esp\u00e8re que vous \u00e9coutez et apprenez \u00e0 devenir plus rapide dans votre r\u00e9ponse \u00e0 Dieu.<\/p>\n<p class=\"p1\"><strong>Jim Ayer<\/strong><br \/>\nVice-pr\u00e9sident pour le d\u00e9veloppement<br \/>\nDe la radio adventiste mondiale \u00e0 la Conf\u00e9rence G\u00e9n\u00e9rale.<\/p>\n<p class=\"p2\"><strong>Traduction\u00a0:<\/strong> Ruddy MARTIAL<\/p>\n","protected":false},"excerpt":{"rendered":"<p>1 La parole de l&rsquo;Eternel fut adress\u00e9e \u00e0 Jonas, fils d&rsquo;Amittha\u00ef, en ces mots: 2 L\u00e8ve-toi, va \u00e0 Ninive, la grande ville, et crie contre elle! car sa m\u00e9chancet\u00e9 est mont\u00e9e jusqu&rsquo;\u00e0 moi. 3 Et Jonas se leva pour s&rsquo;enfuir \u00e0 Tarsis, loin de la face de l&rsquo;Eternel. Il descendit \u00e0 Japho, et il trouva [&hellip;]<\/p>\n","protected":false},"author":1,"featured_media":0,"comment_status":"open","ping_status":"open","sticky":false,"template":"","format":"audio","meta":{"_exactmetrics_skip_tracking":false,"_exactmetrics_sitenote_active":false,"_exactmetrics_sitenote_note":"","_exactmetrics_sitenote_category":0,"footnotes":""},"categories":[1],"tags":[],"_links":{"self":[{"href":"http:\/\/reveiletreforme.adventiste.re\/index.php?rest_route=\/wp\/v2\/posts\/2757"}],"collection":[{"href":"http:\/\/reveiletreforme.adventiste.re\/index.php?rest_route=\/wp\/v2\/posts"}],"about":[{"href":"http:\/\/reveiletreforme.adventiste.re\/index.php?rest_route=\/wp\/v2\/types\/post"}],"author":[{"embeddable":true,"href":"http:\/\/reveiletreforme.adventiste.re\/index.php?rest_route=\/wp\/v2\/users\/1"}],"replies":[{"embeddable":true,"href":"http:\/\/reveiletreforme.adventiste.re\/index.php?rest_route=%2Fwp%2Fv2%2Fcomments&post=2757"}],"version-history":[{"count":3,"href":"http:\/\/reveiletreforme.adventiste.re\/index.php?rest_route=\/wp\/v2\/posts\/2757\/revisions"}],"predecessor-version":[{"id":2779,"href":"http:\/\/reveiletreforme.adventiste.re\/index.php?rest_route=\/wp\/v2\/posts\/2757\/revisions\/2779"}],"wp:attachment":[{"href":"http:\/\/reveiletreforme.adventiste.re\/index.php?rest_route=%2Fwp%2Fv2%2Fmedia&parent=2757"}],"wp:term":[{"taxonomy":"category","embeddable":true,"href":"http:\/\/reveiletreforme.adventiste.re\/index.php?rest_route=%2Fwp%2Fv2%2Fcategories&post=2757"},{"taxonomy":"post_tag","embeddable":true,"href":"http:\/\/reveiletreforme.adventiste.re\/index.php?rest_route=%2Fwp%2Fv2%2Ftags&post=2757"}],"curies":[{"name":"wp","href":"https:\/\/api.w.org\/{rel}","templated":true}]}}