{"id":2783,"date":"2014-09-25T08:58:23","date_gmt":"2014-09-25T04:58:23","guid":{"rendered":"http:\/\/reveiletreforme.adventiste.re\/?p=2783"},"modified":"2014-09-25T08:58:23","modified_gmt":"2014-09-25T04:58:23","slug":"jonas-3","status":"publish","type":"post","link":"http:\/\/reveiletreforme.adventiste.re\/?p=2783","title":{"rendered":"Jonas 3"},"content":{"rendered":"<!--[if lt IE 9]><script>document.createElement('audio');<\/script><![endif]-->\n<audio class=\"wp-audio-shortcode\" id=\"audio-2783-1\" preload=\"none\" style=\"width: 100%;\" controls=\"controls\"><source type=\"audio\/mpeg\" src=\"http:\/\/reveiletreforme.adventiste.re\/wp-content\/uploads\/2014\/09\/jonas-03.mp3?_=1\" \/><a href=\"http:\/\/reveiletreforme.adventiste.re\/wp-content\/uploads\/2014\/09\/jonas-03.mp3\">http:\/\/reveiletreforme.adventiste.re\/wp-content\/uploads\/2014\/09\/jonas-03.mp3<\/a><\/audio>\n<p class=\"p2\" style=\"text-align: justify;\"><b>1<\/b><b> <\/b>La parole de l&rsquo;Eternel fut adress\u00e9e \u00e0 Jonas une seconde fois, en ces mots:<\/p>\n<p class=\"p2\" style=\"text-align: justify;\"><b>2<\/b><b> <\/b>L\u00e8ve-toi, va \u00e0 Ninive, la grande ville, et proclames-y la publication que je t&rsquo;ordonne!<\/p>\n<p class=\"p2\" style=\"text-align: justify;\"><b>3<\/b><b> <\/b>Et Jonas se leva, et alla \u00e0 Ninive, selon la parole de l&rsquo;Eternel. Or Ninive \u00e9tait une tr\u00e8s grande ville, de trois jours de marche.<!--more--><\/p>\n<p class=\"p2\" style=\"text-align: justify;\"><b>4<\/b><b> <\/b>Jonas fit d&rsquo;abord dans la ville une journ\u00e9e de marche; il criait et disait: Encore quarante jours, et Ninive est d\u00e9truite!<\/p>\n<p class=\"p2\" style=\"text-align: justify;\"><b>5<\/b><b> <\/b>Les gens de Ninive crurent \u00e0 Dieu, ils publi\u00e8rent un je\u00fbne, et se rev\u00eatirent de sacs, depuis les plus grands jusqu&rsquo;aux plus petits.<\/p>\n<p class=\"p2\" style=\"text-align: justify;\"><b>6<\/b><b> <\/b>La chose parvint au roi de Ninive; il se leva de son tr\u00f4ne, \u00f4ta son manteau, se couvrit d&rsquo;un sac, et s&rsquo;assit sur la cendre.<\/p>\n<p class=\"p2\" style=\"text-align: justify;\"><b>7<\/b><b> <\/b>Et il fit faire dans Ninive cette publication, par ordre du roi et de ses grands; Que les hommes et les b\u00eates, les boeufs et les brebis, ne go\u00fbtent de rien, ne paissent point, et ne boivent point d&rsquo;eau!<\/p>\n<p class=\"p2\" style=\"text-align: justify;\"><b>8<\/b><b> <\/b>Que les hommes et les b\u00eates soient couverts de sacs, qu&rsquo;ils crient \u00e0 Dieu avec force, et qu&rsquo;ils reviennent tous de leur mauvaise voie et des actes de violence dont leurs mains sont coupables!<\/p>\n<p class=\"p2\" style=\"text-align: justify;\"><b>9<\/b><b> <\/b>Qui sait si Dieu ne reviendra pas et ne se repentira pas, et s&rsquo;il ne renoncera pas \u00e0 son ardente col\u00e8re, en sorte que nous ne p\u00e9rissions point?<\/p>\n<p class=\"p2\" style=\"text-align: justify;\"><b>10<\/b><b> <\/b>Dieu vit qu&rsquo;ils agissaient ainsi et qu&rsquo;ils revenaient de leur mauvaise voie. Alors Dieu se repentit du mal qu&rsquo;il avait r\u00e9solu de leur faire, et il ne le fit pas.<\/p>\n<p class=\"p2\" style=\"text-align: justify;\"><strong>COMMENTAIRE<\/strong><\/p>\n<p class=\"p1\" style=\"text-align: justify;\">J\u2019aime la fa\u00e7on dont d\u00e9marre le chapitre\u00a03 sur \u00ab\u00a0La parole de l\u2019\u00c9ternel fut adress\u00e9e \u00e0 Jonas une seconde fois.\u00a0\u00bb Je suis si heureux que nous servons le Dieu de la seconde chance\u2009! La Bible est pleine de deuxi\u00e8me chance. Regardez la nation d\u2019Isra\u00ebl\u2009; encore et encore nous voyons notre P\u00e8re c\u00e9leste tenter de former ses enfants \u00e9gar\u00e9s. Mais toutes les histoires n\u2019ont pas de fin heureuse, alors permettez-moi de choisir certaines qui le sont. Le roi David par exemple, Salomon, et Samson sont que quelques exemples de \u00ab\u00a0deuxi\u00e8me chance\u00a0\u00bb qui ont \u00e9volu\u00e9 vers une fin heureuse &#8211; vers la vie \u00e9ternelle.<\/p>\n<p class=\"p1\" style=\"text-align: justify;\">Vous pourriez \u00eatre tent\u00e9 de vous demander si ce n\u2019\u00e9tait que dans les temps bibliques et plus du tout dans les temps modernes. Dieu ne permet-Il toujours une seconde chance\u2009? Je peux vous dire, sans aucun doute qu\u2019Il le fait. Je suis un parfait exemple d\u2019une personne qui vient \u00e0 Dieu alors que j\u2019\u00e9tais attir\u00e9 par l\u2019\u00e9clat et l\u2019or de ce monde. Mais, Dieu soit lou\u00e9, Il a pris l\u2019initiative de me parler une seconde fois, et par la gr\u00e2ce de Dieu, la deuxi\u00e8me fois j\u2019y ai adh\u00e9r\u00e9\u2009!<\/p>\n<p class=\"p1\" style=\"text-align: justify;\">Mais la gr\u00e2ce de Dieu n\u2019est pas seulement pour ceux d\u2019entre nous qui, une fois entr\u00e9 de Son c\u00f4t\u00e9 et qui sont partis loin de Lui\u2009; elle l\u2019est pour tous les gens, pour ceux de partout\u2009! Et le jour o\u00f9 Jonas est entr\u00e9 dans le palais du roi, il \u00e9tait la \u00ab\u00a0deuxi\u00e8me chance\u00a0\u00bb pour les habitants de Ninive. Quel \u00e9vang\u00e9liste, il a d\u00fb \u00eatre pour que toute la ville de plus de cent mille personnes r\u00e9ponde \u00e0 son message de repentance et de salut\u2009!<\/p>\n<p class=\"p1\" style=\"text-align: justify;\">Cela me rappelle ce que le c\u00e9l\u00e8bre pr\u00e9dicateur John Wesley a dit\u00a0: \u00ab\u00a0Donnez-moi une centaine de pr\u00e9dicateurs qui ne craignent rien d\u2019autre que le p\u00e9ch\u00e9 et n\u2019ont pas d\u2019autres d\u00e9sirs que J\u00e9sus seul, et je ne me ferai pas de soucis au sujet de leurs dipl\u00f4mes. Ces quelques-uns seuls feront trembler les portes de l\u2019enfer et \u00e9tabliront le Royaume des Cieux sur la terre.\u00a0\u00bb<\/p>\n<p class=\"p1\" style=\"text-align: justify;\">Comme Jonas a pr\u00each\u00e9 par la puissance du Saint-Esprit, il secoua les portes de l\u2019enfer et les gens ont progress\u00e9 vers le Dieu du ciel. Qu\u2019est-ce que Dieu peut faire avec une personne qui est pleinement engag\u00e9e \u00e0 le servir\u2009? La r\u00e9ponse est\u00a0: tout ce qu\u2019Il veut faire. Apr\u00e8s tout, Il est Dieu\u2009! Mais il y a quelque chose \u00e0 consid\u00e9rer.<\/p>\n<p class=\"p1\" style=\"text-align: justify;\">Comme pour Jonas, c\u2019est \u00e0 vous de choisir votre destin. Dieu a planifi\u00e9 pleinement votre vie, mais Il ne fera rien, sauf si vous Lui autorisez le contr\u00f4le \u00e0 100\u00a0%. C\u2019est votre choix. Dieu non seulement est mort sur le Calvaire pour vous sauver, Il est mort pour que vous puissiez avoir le choix de servir, choix que Adam et Eve ont rejet\u00e9 dans le Jardin d\u2019Eden.<\/p>\n<p class=\"p1\" style=\"text-align: justify;\">Si vous Lui autorisez l\u2019acc\u00e8s de votre vie aujourd\u2019hui pour \u00eatre guid\u00e9 et conduit par Lui, vous serez \u00e9tonn\u00e9 de voir les vies que vous toucherez changer pour l\u2019\u00e9ternit\u00e9\u2009!<\/p>\n<p class=\"p1\"><strong>Jim Ayer<\/strong><br \/>\nVice-pr\u00e9sident pour l\u2019Avancement<br \/>\nRadio Adventiste Internationale (AWR)<br \/>\nConf\u00e9rence G\u00e9n\u00e9rale<\/p>\n<p class=\"p1\" style=\"text-align: right;\"><strong>Traduction<\/strong> : Sabine ALPHONSO<\/p>\n","protected":false},"excerpt":{"rendered":"<p>1 La parole de l&rsquo;Eternel fut adress\u00e9e \u00e0 Jonas une seconde fois, en ces mots: 2 L\u00e8ve-toi, va \u00e0 Ninive, la grande ville, et proclames-y la publication que je t&rsquo;ordonne! 3 Et Jonas se leva, et alla \u00e0 Ninive, selon la parole de l&rsquo;Eternel. Or Ninive \u00e9tait une tr\u00e8s grande ville, de trois jours de [&hellip;]<\/p>\n","protected":false},"author":1,"featured_media":0,"comment_status":"open","ping_status":"open","sticky":false,"template":"","format":"audio","meta":{"_exactmetrics_skip_tracking":false,"_exactmetrics_sitenote_active":false,"_exactmetrics_sitenote_note":"","_exactmetrics_sitenote_category":0,"footnotes":""},"categories":[1],"tags":[],"_links":{"self":[{"href":"http:\/\/reveiletreforme.adventiste.re\/index.php?rest_route=\/wp\/v2\/posts\/2783"}],"collection":[{"href":"http:\/\/reveiletreforme.adventiste.re\/index.php?rest_route=\/wp\/v2\/posts"}],"about":[{"href":"http:\/\/reveiletreforme.adventiste.re\/index.php?rest_route=\/wp\/v2\/types\/post"}],"author":[{"embeddable":true,"href":"http:\/\/reveiletreforme.adventiste.re\/index.php?rest_route=\/wp\/v2\/users\/1"}],"replies":[{"embeddable":true,"href":"http:\/\/reveiletreforme.adventiste.re\/index.php?rest_route=%2Fwp%2Fv2%2Fcomments&post=2783"}],"version-history":[{"count":1,"href":"http:\/\/reveiletreforme.adventiste.re\/index.php?rest_route=\/wp\/v2\/posts\/2783\/revisions"}],"predecessor-version":[{"id":2784,"href":"http:\/\/reveiletreforme.adventiste.re\/index.php?rest_route=\/wp\/v2\/posts\/2783\/revisions\/2784"}],"wp:attachment":[{"href":"http:\/\/reveiletreforme.adventiste.re\/index.php?rest_route=%2Fwp%2Fv2%2Fmedia&parent=2783"}],"wp:term":[{"taxonomy":"category","embeddable":true,"href":"http:\/\/reveiletreforme.adventiste.re\/index.php?rest_route=%2Fwp%2Fv2%2Fcategories&post=2783"},{"taxonomy":"post_tag","embeddable":true,"href":"http:\/\/reveiletreforme.adventiste.re\/index.php?rest_route=%2Fwp%2Fv2%2Ftags&post=2783"}],"curies":[{"name":"wp","href":"https:\/\/api.w.org\/{rel}","templated":true}]}}